{"id":104224,"date":"2020-11-09T10:23:57","date_gmt":"2020-11-09T15:23:57","guid":{"rendered":"https:\/\/linitiative.ca\/International\/arretez-le-massacre\/"},"modified":"2020-11-09T10:23:57","modified_gmt":"2020-11-09T15:23:57","slug":"arretez-le-massacre","status":"publish","type":"post","link":"https:\/\/linitiative.ca\/International\/arretez-le-massacre\/","title":{"rendered":"Arr\u00eatez le massacre"},"content":{"rendered":"<p><strong>Les Marocains sombrent dans l\u2019angoisse. Les h\u00f4pitaux ont montr\u00e9 leurs limites, les queues pour les tests sont interminables, la situation \u00e9conomique est d\u00e9sastreuse et les perspectives ne sont pas meilleures. Et que font nos politiques\u00a0? Ils nous offrent un spectacle de derri\u00e8re les fagots.<\/strong><\/p>\n<div class=\"c10\"\/>\n<p>D\u00e9sormais, chaque ministre a sa propre position qu\u2019il exprime en public en l\u2019absence d\u2019un vrai Chef de gouvernement. L\u2019ex\u00e9cutif\u00a0s\u2019est transform\u00e9 en une s\u00e9rie de cantons au moment o\u00f9 pour retrouver la s\u00e9r\u00e9nit\u00e9, il faut de la visibilit\u00e9 et surtout de la confiance. Les attaques mesquines r\u00e9apparaissent. La campagne \u00e9lectorale est lanc\u00e9e sur des bases naus\u00e9abondes qui ne feront qu\u2019\u00e9loigner les citoyens des urnes. Il ne faut pas \u00eatre devin pour savoir que le taux de participation ne peut que chuter dans ces conditions.<\/p>\n<p><strong>Lire aussi | <a href=\"https:\/\/www.challenge.ma\/musees-300-000-euros-pour-promouvoir-la-formation-en-afrique-164574\/\" target=\"_blank\" rel=\"noreferrer noopener\">Mus\u00e9es : 300.000 euros pour promouvoir la formation en Afrique<\/a><\/strong><\/p>\n<p>Tenir les \u00e9lections \u00e0 temps est un voyant de la construction d\u00e9mocratique. Mais nous avons accumul\u00e9 les probl\u00e8mes. Nous n\u2019avons aucune certitude que d\u2019ici mai, la crise sanitaire sera d\u00e9pass\u00e9e. Comment faire campagne dans cette situation\u00a0? Imagine-t-on des meetings dans nos souks au m\u00e9pris des r\u00e8gles sanitaires\u00a0? Les partis politiques sont encore moins pr\u00eats que d\u2019habitude. Ils n\u2019ont tout simplement pas de plan de sortie de crise. Le PLF 2021, encore en discussion, est d\u00e9j\u00e0 caduc parce que ses hypoth\u00e8ses de travail tombent \u00e0 l\u2019eau, comme partout dans le monde par ailleurs.<\/p>\n<p><strong>Lire aussi | <a href=\"https:\/\/www.challenge.ma\/evenementiel-les-professionnels-veulent-pousser-le-gouvernement-a-lacher-du-lest-164559\/\" target=\"_blank\" rel=\"noreferrer noopener\">\u00c9v\u00e9nementiel : les professionnels veulent pousser le gouvernement \u00e0 l\u00e2cher du lest<\/a><\/strong><\/p>\n<p>Au Parlement \u00e7a ne vole pas tr\u00e8s haut, parce qu\u2019ils n\u2019ont pas les moyens de s\u2019\u00e9lever au niveau des exigences de l\u2019heure. Le mieux dans ce contexte c\u2019est de reporter les \u00e9ch\u00e9ances \u00e9lectorales, en esp\u00e9rant que les partis puissent pr\u00e9parer un vrai d\u00e9bat d\u00e9mocratique et non pas la foire \u00e0 laquelle nous assistons.<\/p>\n<p>Auteur: Jamal Berraoui<br \/>\n<a href=\"https:\/\/www.challenge.ma\/arretez-le-massacre-164605\/\">Cliquez ici pour lire l&rsquo;article depuis sa source.<\/a><\/p>\n","protected":false},"excerpt":{"rendered":"<p>Les Marocains sombrent dans l\u2019angoisse. Les h\u00f4pitaux ont montr\u00e9 leurs limites, les queues pour les tests sont interminables, la situation \u00e9conomique est d\u00e9sastreuse et les perspectives ne sont pas meilleures. Et que font nos politiques\u00a0? Ils nous offrent un spectacle de derri\u00e8re les fagots. D\u00e9sormais, chaque ministre a sa propre position qu\u2019il exprime en public [&hellip;]<\/p>\n","protected":false},"author":1787,"featured_media":0,"comment_status":"closed","ping_status":"closed","sticky":false,"template":"","format":"standard","meta":{"fifu_image_url":"","fifu_image_alt":"","footnotes":""},"categories":[78,54],"tags":[],"class_list":["post-104224","post","type-post","status-publish","format-standard","hentry","category-economie","category-maroc"],"_links":{"self":[{"href":"https:\/\/linitiative.ca\/International\/wp-json\/wp\/v2\/posts\/104224","targetHints":{"allow":["GET"]}}],"collection":[{"href":"https:\/\/linitiative.ca\/International\/wp-json\/wp\/v2\/posts"}],"about":[{"href":"https:\/\/linitiative.ca\/International\/wp-json\/wp\/v2\/types\/post"}],"author":[{"embeddable":true,"href":"https:\/\/linitiative.ca\/International\/wp-json\/wp\/v2\/users\/1787"}],"replies":[{"embeddable":true,"href":"https:\/\/linitiative.ca\/International\/wp-json\/wp\/v2\/comments?post=104224"}],"version-history":[{"count":0,"href":"https:\/\/linitiative.ca\/International\/wp-json\/wp\/v2\/posts\/104224\/revisions"}],"wp:attachment":[{"href":"https:\/\/linitiative.ca\/International\/wp-json\/wp\/v2\/media?parent=104224"}],"wp:term":[{"taxonomy":"category","embeddable":true,"href":"https:\/\/linitiative.ca\/International\/wp-json\/wp\/v2\/categories?post=104224"},{"taxonomy":"post_tag","embeddable":true,"href":"https:\/\/linitiative.ca\/International\/wp-json\/wp\/v2\/tags?post=104224"}],"curies":[{"name":"wp","href":"https:\/\/api.w.org\/{rel}","templated":true}]}}