{"id":104226,"date":"2020-11-09T12:06:19","date_gmt":"2020-11-09T17:06:19","guid":{"rendered":"https:\/\/linitiative.ca\/International\/vrai-ou-fake-sur-la-covid-19-au-maroc-lundi-9-novembre\/"},"modified":"2020-11-09T12:06:19","modified_gmt":"2020-11-09T17:06:19","slug":"vrai-ou-fake-sur-la-covid-19-au-maroc-lundi-9-novembre","status":"publish","type":"post","link":"https:\/\/linitiative.ca\/International\/vrai-ou-fake-sur-la-covid-19-au-maroc-lundi-9-novembre\/","title":{"rendered":"Vrai ou Fake sur la Covid-19 au Maroc, lundi 9 novembre"},"content":{"rendered":"<p><strong>Le coronavirus, qui a contamin\u00e9 plus de 50 millions de personnes dans le monde, est \u00e0 l\u2019origine d\u2019un flot de Fake news relay\u00e9es par des sites d\u2019information et sur les r\u00e9seaux sociaux.<\/strong><\/p>\n<div class=\"c10\"\/>\n<p>\u2013 Le groupe scolaire Jeanne d\u2019arc de Rabat a annonc\u00e9 l\u2019interruption des cours et le passage au distanciel \u00e0 partir de mercredi 11 novembre apr\u00e8s avoir d\u00e9tect\u00e9 de nouveaux cas du covid-19 dans l\u2019\u00e9tablissement. <strong>VRAI<\/strong><\/p>\n<p>\u2013 Le couvre-feu nocturne d\u00e9cr\u00e9t\u00e9 dans l\u2019ensemble du territoire de la Pr\u00e9fecture de Casablanca sera lev\u00e9 ce dimanche 15 novembre.\u00a0<strong>FAKE<\/strong><\/p>\n<p>\u2013 Un vaccin d\u00e9velopp\u00e9 par Pfizer (\u00c9tats-Unis) et BioNTech (Allemagne) est \u00ab\u00a0efficace\u00a0\u00bb \u00e0 90% pour pr\u00e9venir les infections au Covid-19. <strong>VRAI<\/strong><\/p>\n<p><strong>Lire aussi |\u00a0<a rel=\"noreferrer noopener\" href=\"https:\/\/www.challenge.ma\/musees-300-000-euros-pour-promouvoir-la-formation-en-afrique-164574\/\" target=\"_blank\">Mus\u00e9es : 300.000 euros pour promouvoir la formation en Afrique<\/a><\/strong><\/p>\n<p>\u2013 Le temps froid et la neige tuent le coronavirus. <strong>FAKE<\/strong><\/p>\n<p>\u2013 Le coronavirus aurait \u00e9t\u00e9 cr\u00e9\u00e9 de fa\u00e7on volontaire en laboratoire. <strong>VRAI<\/strong> Selon une \u00e9tude fran\u00e7aise, le virus pourrait avoir \u00e9t\u00e9 cultiv\u00e9 en laboratoire sur des cellules ou des animaux dans le but de comprendre comment il est capable de franchir la barri\u00e8re d\u2019esp\u00e8ces.<\/p>\n<p>\u2013 Le Maroc est le pays le plus touch\u00e9 par le Covid-19 en Afrique.\u00a0<strong>FAKE<\/strong><\/p>\n<p><strong>Lire aussi |\u00a0<a rel=\"noreferrer noopener\" href=\"https:\/\/www.challenge.ma\/evenementiel-les-professionnels-veulent-pousser-le-gouvernement-a-lacher-du-lest-164559\/\" target=\"_blank\">\u00c9v\u00e9nementiel : les professionnels veulent pousser le gouvernement \u00e0 l\u00e2cher du lest<\/a><\/strong><\/p>\n<p>Auteur: Hajar DARI<br \/>\n<a href=\"https:\/\/www.challenge.ma\/vrai-ou-fake-sur-la-covid-19-au-maroc-lundi-9-novembre-164582\/\">Cliquez ici pour lire l&rsquo;article depuis sa source.<\/a><\/p>\n","protected":false},"excerpt":{"rendered":"<p>Le coronavirus, qui a contamin\u00e9 plus de 50 millions de personnes dans le monde, est \u00e0 l\u2019origine d\u2019un flot de Fake news relay\u00e9es par des sites d\u2019information et sur les r\u00e9seaux sociaux. \u2013 Le groupe scolaire Jeanne d\u2019arc de Rabat a annonc\u00e9 l\u2019interruption des cours et le passage au distanciel \u00e0 partir de mercredi 11 [&hellip;]<\/p>\n","protected":false},"author":1787,"featured_media":0,"comment_status":"closed","ping_status":"closed","sticky":false,"template":"","format":"standard","meta":{"fifu_image_url":"","fifu_image_alt":"","footnotes":""},"categories":[78,54],"tags":[],"class_list":["post-104226","post","type-post","status-publish","format-standard","hentry","category-economie","category-maroc"],"_links":{"self":[{"href":"https:\/\/linitiative.ca\/International\/wp-json\/wp\/v2\/posts\/104226","targetHints":{"allow":["GET"]}}],"collection":[{"href":"https:\/\/linitiative.ca\/International\/wp-json\/wp\/v2\/posts"}],"about":[{"href":"https:\/\/linitiative.ca\/International\/wp-json\/wp\/v2\/types\/post"}],"author":[{"embeddable":true,"href":"https:\/\/linitiative.ca\/International\/wp-json\/wp\/v2\/users\/1787"}],"replies":[{"embeddable":true,"href":"https:\/\/linitiative.ca\/International\/wp-json\/wp\/v2\/comments?post=104226"}],"version-history":[{"count":0,"href":"https:\/\/linitiative.ca\/International\/wp-json\/wp\/v2\/posts\/104226\/revisions"}],"wp:attachment":[{"href":"https:\/\/linitiative.ca\/International\/wp-json\/wp\/v2\/media?parent=104226"}],"wp:term":[{"taxonomy":"category","embeddable":true,"href":"https:\/\/linitiative.ca\/International\/wp-json\/wp\/v2\/categories?post=104226"},{"taxonomy":"post_tag","embeddable":true,"href":"https:\/\/linitiative.ca\/International\/wp-json\/wp\/v2\/tags?post=104226"}],"curies":[{"name":"wp","href":"https:\/\/api.w.org\/{rel}","templated":true}]}}