{"id":104227,"date":"2020-11-09T13:44:55","date_gmt":"2020-11-09T18:44:55","guid":{"rendered":"https:\/\/linitiative.ca\/International\/relance-post-covid-nasser-bourita-appelle-la-france-a-accompagner-le-maroc\/"},"modified":"2020-11-09T13:44:55","modified_gmt":"2020-11-09T18:44:55","slug":"relance-post-covid-nasser-bourita-appelle-la-france-a-accompagner-le-maroc","status":"publish","type":"post","link":"https:\/\/linitiative.ca\/International\/relance-post-covid-nasser-bourita-appelle-la-france-a-accompagner-le-maroc\/","title":{"rendered":"Relance post-Covid : Nasser Bourita appelle la France \u00e0 accompagner le Maroc"},"content":{"rendered":"<p><strong>Le ministre marocain des Affaires \u00e9trang\u00e8res, Nasser Bourita, appelle \u00e0 un renforcement des relations entre le Maroc et la France pour mieux affronter l\u2019apr\u00e8s-Covid. En marge de la visite officielle de son homologue fran\u00e7ais, Jean-Yves Le Drian, au Maroc, Nasser Bourita a fait le point sur les relations bilat\u00e9rales entre les deux pays.<\/strong><\/p>\n<div class=\"c10\"\/>\n<p>Le ministre des Affaires \u00e9trang\u00e8res, de la Coop\u00e9ration africaine et des Marocains r\u00e9sidant \u00e0 l\u2019\u00e9tranger, Nasser Bourita et son homologue fran\u00e7ais, Jean Yves Le Drian, ont soulign\u00e9, le 9 novembre \u00e0 Rabat, le partenariat d\u2019exception liant le Maroc la France. Lors d\u2019un point de presse conjoint \u00e0 l\u2019issue de leurs entretiens, les deux ministres ont mis en avant la r\u00e9gularit\u00e9 des relations solides entre le Maroc et la France, ainsi que la convergence de vues concernant plusieurs questions r\u00e9gionales et internationales.<\/p>\n<p><strong>Lire aussi|<a href=\"https:\/\/www.challenge.ma\/musees-300-000-euros-pour-promouvoir-la-formation-en-afrique-164574\/\">Mus\u00e9es : 300.000 euros pour promouvoir la formation en Afrique<\/a><\/strong><\/p>\n<p>Dans ce sens, Nasser Bourita a fait remarquer que la visite de travail de Jean-Yves Le Drian au Maroc vient renforcer la dynamique tr\u00e8s positive des relations bilat\u00e9rales. Il a aussi indiqu\u00e9 que cette visite, qui intervient six mois apr\u00e8s la derni\u00e8re rencontre entre les deux ministres en raison du contexte marqu\u00e9 par la pand\u00e9mie de la Covid 19, a \u00e9t\u00e9 l\u2019occasion d\u2019examiner les \u00e9ch\u00e9ances du partenariat bilat\u00e9ral. Nasser Bourita a aussi insist\u00e9 sur l\u2019importance de renforcer les relations entre les deux pays dans cette phase post-Covid. Apr\u00e8s avoir rappel\u00e9 la visite r\u00e9cemment au Maroc du ministre fran\u00e7ais en charge du commerce ext\u00e9rieur, de celui de l\u2019Int\u00e9rieur et du chef de l\u2019\u00e9tat-major des arm\u00e9es, le ministre marocain a mis en avant l\u2019importance de l\u2019accompagnement par la France de la relance \u00e9conomique au Maroc durant la phase post-Covid.<\/p>\n<p><strong>Lire aussi| <a href=\"https:\/\/www.challenge.ma\/ram-nouvelles-dispositions-dacces-au-territoire-francais-164589\/\">RAM : nouvelles dispositions d\u2019acc\u00e8s au territoire fran\u00e7ais<\/a><\/strong><\/p>\n<p>Il a \u00e9galement rappel\u00e9 que la coordination entre les deux pays s\u2019est poursuivie pendant la phase de la pand\u00e9mie, notamment sur le plan consulaire et dans le domaine de la sant\u00e9. Pour sa part, Jean-Yves Le Drian a soulign\u00e9 que ces nombreuses visites minist\u00e9rielles refl\u00e8tent la r\u00e9gularit\u00e9 des relations bilat\u00e9rales et sont significatives du partenariat d\u2019exception entre le Maroc et la France. Il a en outre rappel\u00e9 que la visite au Maroc du ministre fran\u00e7ais en charge du commerce ext\u00e9rieur a \u00e9t\u00e9 l\u2019occasion d\u2019\u00e9voquer le lancement d\u2019un pacte \u00e9conomique maroco-fran\u00e7ais, souhaitant que ce projet aboutisse durant le premier trimestre de 2021. Sur un autre volet, le chef de la diplomatie fran\u00e7aise a affirm\u00e9 que son pays compte sur le Maroc dans son combat contre le terrorisme et l\u2019extr\u00e9misme. \u00ab\u00a0La France a tout le profond respect pour l\u2019Islam. Le Royaume est porteur d\u2019un Islam de juste-milieu pr\u00f4n\u00e9 par SM le Roi, Commandeur des croyants\u00a0\u00bb, a-t-il conclu.<\/p>\n<p>Auteur: challenge<br \/>\n<a href=\"https:\/\/www.challenge.ma\/relance-post-covid-nasser-bourita-appelle-la-france-a-accompagner-le-maroc-164660\/\">Cliquez ici pour lire l&rsquo;article depuis sa source.<\/a><\/p>\n","protected":false},"excerpt":{"rendered":"<p>Le ministre marocain des Affaires \u00e9trang\u00e8res, Nasser Bourita, appelle \u00e0 un renforcement des relations entre le Maroc et la France pour mieux affronter l\u2019apr\u00e8s-Covid. En marge de la visite officielle de son homologue fran\u00e7ais, Jean-Yves Le Drian, au Maroc, Nasser Bourita a fait le point sur les relations bilat\u00e9rales entre les deux pays. Le ministre [&hellip;]<\/p>\n","protected":false},"author":1787,"featured_media":0,"comment_status":"closed","ping_status":"closed","sticky":false,"template":"","format":"standard","meta":{"fifu_image_url":"","fifu_image_alt":"","footnotes":""},"categories":[78,54],"tags":[],"class_list":["post-104227","post","type-post","status-publish","format-standard","hentry","category-economie","category-maroc"],"_links":{"self":[{"href":"https:\/\/linitiative.ca\/International\/wp-json\/wp\/v2\/posts\/104227","targetHints":{"allow":["GET"]}}],"collection":[{"href":"https:\/\/linitiative.ca\/International\/wp-json\/wp\/v2\/posts"}],"about":[{"href":"https:\/\/linitiative.ca\/International\/wp-json\/wp\/v2\/types\/post"}],"author":[{"embeddable":true,"href":"https:\/\/linitiative.ca\/International\/wp-json\/wp\/v2\/users\/1787"}],"replies":[{"embeddable":true,"href":"https:\/\/linitiative.ca\/International\/wp-json\/wp\/v2\/comments?post=104227"}],"version-history":[{"count":0,"href":"https:\/\/linitiative.ca\/International\/wp-json\/wp\/v2\/posts\/104227\/revisions"}],"wp:attachment":[{"href":"https:\/\/linitiative.ca\/International\/wp-json\/wp\/v2\/media?parent=104227"}],"wp:term":[{"taxonomy":"category","embeddable":true,"href":"https:\/\/linitiative.ca\/International\/wp-json\/wp\/v2\/categories?post=104227"},{"taxonomy":"post_tag","embeddable":true,"href":"https:\/\/linitiative.ca\/International\/wp-json\/wp\/v2\/tags?post=104227"}],"curies":[{"name":"wp","href":"https:\/\/api.w.org\/{rel}","templated":true}]}}