{"id":104231,"date":"2020-11-09T16:42:36","date_gmt":"2020-11-09T21:42:36","guid":{"rendered":"https:\/\/linitiative.ca\/International\/tunisie-covid19-le-ministere-de-la-sante-prend-des-mesures-pour-les-voyageurs\/"},"modified":"2020-11-09T16:42:36","modified_gmt":"2020-11-09T21:42:36","slug":"tunisie-covid19-le-ministere-de-la-sante-prend-des-mesures-pour-les-voyageurs","status":"publish","type":"post","link":"https:\/\/linitiative.ca\/International\/tunisie-covid19-le-ministere-de-la-sante-prend-des-mesures-pour-les-voyageurs\/","title":{"rendered":"Tunisie \u2013 Covid19\u00a0: Le minist\u00e8re de la Sant\u00e9 prend des mesures pour les voyageurs"},"content":{"rendered":"<div class=\"post-cont-in left relative\">\n<div id=\"post-info-wrap\" class=\"left relative post-info-out\">\n<div class=\"post-info-img left relative\"><img loading=\"lazy\" decoding=\"async\" alt=\"\" src=\"https:\/\/secure.gravatar.com\/avatar\/047123be9d5e8513774383916ee72db2?s=50&amp;d=mm&amp;r=g\" srcset=\"https:\/\/secure.gravatar.com\/avatar\/047123be9d5e8513774383916ee72db2?s=100&amp;d=mm&amp;r=g 2x\" class=\"avatar avatar-50 photo\" height=\"50\" width=\"50\"\/><\/div>\n<div class=\"post-info-in\">\n<div class=\"post-info-right left relative post-info-name left relative\"><span itemprop=\"author\" itemscope=\"\" itemtype=\"https:\/\/schema.org\/Person\"><span class=\"post-info-text\">Par<\/span> <span class=\"author-name vcard fn author\" itemprop=\"name\"><a href=\"https:\/\/www.tunisienumerique.com\/author\/lm\/\" title=\"Articles par LM\" rel=\"author\">LM<\/a><\/span><\/span> <span class=\"post-date updated\"><time class=\"post-date updated\" itemprop=\"datePublished\" datetime=\"2020-11-09\">\u00a0| Il y a 13 minutes<\/time><\/span><\/div>\n<div class=\"left relative\"><button id=\"listenButton1\" class=\"responsivevoice-button\" type=\"button\" value=\"Play\" title=\"&#xC9;coutez l'article\"><span>\ud83d\udd0a \u00c9coutez l&rsquo;article<\/span><\/button> <\/div>\n<\/div>\n<\/div>\n<p>Une r\u00e9union du comit\u00e9 scientifique a eu lieu, ce lundi, au si\u00e8ge du minist\u00e8re de la Sant\u00e9 pour discuter des mesures \u00e0 prendre pour les voyageurs, dans le cadre de la lutte contre la Covid-19. A l\u2019issue de cette r\u00e9union, il a \u00e9t\u00e9 d\u00e9cid\u00e9 de prendre les mesures suivantes :<\/p>\n<div class=\"code-block code-block-1 c4\"><ins class=\"adsbygoogle c3\" data-ad-layout=\"in-article\" data-ad-format=\"fluid\" data-ad-client=\"ca-pub-2102118777505746\" data-ad-slot=\"7301775417\"\/> <\/div>\n<ol>\n<li>Informer les voyageurs des nouvelles mesures restrictives.<\/li>\n<li>Contr\u00f4le de tous les voyageurs.<\/li>\n<li>Sont interdits de voyager les individus pr\u00e9sentant des sympt\u00f4mes de la Covid ou ayant un test positif<\/li>\n<li>Obligation de pr\u00e9senter un test RT-PCR datant de moins de 72 heures avant l\u2019enregistrement pour le voyage<\/li>\n<li>Obligation de respecter les mesures de distanciation sociale et le port du masque durant tout le trajet<\/li>\n<li>Contr\u00f4le de tous les voyageurs \u00e0 l\u2019arriv\u00e9e des postes fronti\u00e8res avec le formulaire sanitaire et obligation de t\u00e9l\u00e9charger l\u2019application informatique pour assurer le suivi \u00e0 partir de l\u2019arriv\u00e9e en Tunisie.<\/li>\n<li>Contr\u00f4le par tests rapides sur un \u00e9chantillon al\u00e9atoire des voyageurs et internement obligatoire des gens positifs dans des centres de quarantaine, \u00e0 leurs propres frais.<\/li>\n<li>A partir du lundi 16 novembre, obligation de respecter une p\u00e9riode de confinement de 14 jours \u00e0 domicile ou dans un h\u00f4tel sp\u00e9cialis\u00e9, aux frais du voyageur. Les services sanitaires devront contr\u00f4ler l\u2019adaptation du domicile aux conditions de confinement. En cas d\u2019absence de ces conditions, le voyageur sera intern\u00e9 dans un centre de confinement \u00e0 ses frais.<\/li>\n<li>Possibilit\u00e9 d\u2019\u00e9courter le confinement \u00e0 sept jours, si on r\u00e9alise un test PCR qui revient n\u00e9gatif<\/li>\n<\/ol>\n<p>En cas d\u2019apparition de sympt\u00f4me de la Covid durant le confinement, un test PCR sera pratiqu\u00e9 aux frais de l\u2019Etat.<\/p>\n<p>En cas d\u2019impossibilit\u00e9 de pr\u00e9senter un test n\u00e9gatif \u00e0 l\u2019arriv\u00e9e\u00a0:<\/p>\n<ol>\n<li>Confinement obligatoire de trois jours et effectuer un test PCR aux frais du voyageur<\/li>\n<li>Si le test est n\u00e9gatif, poursuite du confinement \u00e0 l\u2019h\u00f4tel ou \u00e0 domicile pendant 14 jours, avec possibilit\u00e9 d\u2019\u00e9courter \u00e0 sept jours moyennant un test PCR<\/li>\n<\/ol>\n<p>En cas de retour d\u2019un court s\u00e9jour \u00e0 l\u2019\u00e9tranger (moins de cinq jours)<\/p>\n<ol>\n<li>Confinement \u00e0 domicile ou \u00e0 l\u2019h\u00f4tel \u00e0 la charge du voyageur pendant sept jours et prise de test PCR en cas d\u2019apparition de sympt\u00f4mes de la Covid<\/li>\n<\/ol>\n<p>En cas d\u2019arriv\u00e9e en Tunisie pour un court s\u00e9jour (moins de cinq jours)<\/p>\n<ol>\n<li>Obligation de pr\u00e9senter un test PCR n\u00e9gatif datant de moins de 72 heures avant le voyage<\/li>\n<\/ol>\n<p>En cas de voyage impr\u00e9vu, pour des raisons familiales, professionnelles ou sanitaires et quand il n\u2019y a pas de temps suffisant pour pratiquer un test PCR, obligation d\u2019obtenir une autorisation des autorit\u00e9s sanitaires en pr\u00e9sentant des arguments, ainsi que le programme pr\u00e9cis de la visite ou de la mission, avec engagement \u00e0 respecter scrupuleusement les mesures du protocole sanitaire.<\/p>\n<div class=\"swp_social_panel swp_horizontal_panel swp_flat_fresh swp_default_full_color swp_individual_full_color swp_other_full_color scale-100 scale-\" data-min-width=\"1100\" data-float-color=\"#ffffff\" data-float=\"bottom\" data-float-mobile=\"bottom\" data-transition=\"slide\">\n<div class=\"nc_tweetContainer swp_share_button total_shares total_sharesalt\"><span class=\"swp_count\">15 <span class=\"swp_label\">Partages<\/span><\/span><\/div>\n<\/div>\n<p><strong>Que se passe-t-il en Tunisie?<\/strong><br \/>Nous expliquons sur notre <a href=\"https:\/\/www.youtube.com\/channel\/UCRzypVq0B_yBad5eGrwBx0Q?sub_confirmation=1\" target=\"_blank\" rel=\"noopener noreferrer\">cha\u00eene YouTube<\/a> . <a href=\"https:\/\/www.youtube.com\/channel\/UCRzypVq0B_yBad5eGrwBx0Q?sub_confirmation=1\" target=\"_blank\" rel=\"noopener noreferrer\">Abonnez-vous!<\/a><\/p>\n<div class=\"mvp-org-wrap mvp-org-logo\" itemprop=\"publisher\" itemscope=\"\" itemtype=\"https:\/\/schema.org\/Organization\"><img decoding=\"async\" src=\"https:\/\/www.tunisienumerique.com\/wp-content\/uploads\/2017\/02\/logo_tunisie_numerique.png\"\/><\/div>\n<div class=\"mvp-related-posts left relative\">\n<h4 class=\"post-header\"><span class=\"post-header\">Lire aussi<\/span><\/h4>\n<\/div>\n<div id=\"article-ad\"><ins class=\"adsbygoogle c5\" data-ad-client=\"ca-pub-2102118777505746\" data-ad-slot=\"6513972734\" data-ad-format=\"auto\" data-full-width-responsive=\"true\"\/> <\/div>\n<\/div>\n<div id=\"post-sidebar-wrap\"><ins class=\"adsbygoogle c5\" data-ad-client=\"ca-pub-2102118777505746\" data-ad-slot=\"6168283410\" data-ad-format=\"auto\" data-full-width-responsive=\"true\"\/> <\/div>\n<p>Auteur: LM<br \/>\n<a href=\"https:\/\/www.tunisienumerique.com\/tunisie-covid19-le-ministere-de-la-sante-prend-des-mesures-pour-les-voyageurs\/\">Cliquez ici pour lire l&rsquo;article depuis sa source.<\/a><\/p>\n","protected":false},"excerpt":{"rendered":"<p>Par LM \u00a0| Il y a 13 minutes \ud83d\udd0a \u00c9coutez l&rsquo;article Une r\u00e9union du comit\u00e9 scientifique a eu lieu, ce lundi, au si\u00e8ge du minist\u00e8re de la Sant\u00e9 pour discuter des mesures \u00e0 prendre pour les voyageurs, dans le cadre de la lutte contre la Covid-19. A l\u2019issue de cette r\u00e9union, il a \u00e9t\u00e9 d\u00e9cid\u00e9 [&hellip;]<\/p>\n","protected":false},"author":1789,"featured_media":0,"comment_status":"closed","ping_status":"closed","sticky":false,"template":"","format":"standard","meta":{"fifu_image_url":"","fifu_image_alt":"","footnotes":""},"categories":[73,55],"tags":[],"class_list":["post-104231","post","type-post","status-publish","format-standard","hentry","category-actualite","category-tunisie"],"_links":{"self":[{"href":"https:\/\/linitiative.ca\/International\/wp-json\/wp\/v2\/posts\/104231","targetHints":{"allow":["GET"]}}],"collection":[{"href":"https:\/\/linitiative.ca\/International\/wp-json\/wp\/v2\/posts"}],"about":[{"href":"https:\/\/linitiative.ca\/International\/wp-json\/wp\/v2\/types\/post"}],"author":[{"embeddable":true,"href":"https:\/\/linitiative.ca\/International\/wp-json\/wp\/v2\/users\/1789"}],"replies":[{"embeddable":true,"href":"https:\/\/linitiative.ca\/International\/wp-json\/wp\/v2\/comments?post=104231"}],"version-history":[{"count":0,"href":"https:\/\/linitiative.ca\/International\/wp-json\/wp\/v2\/posts\/104231\/revisions"}],"wp:attachment":[{"href":"https:\/\/linitiative.ca\/International\/wp-json\/wp\/v2\/media?parent=104231"}],"wp:term":[{"taxonomy":"category","embeddable":true,"href":"https:\/\/linitiative.ca\/International\/wp-json\/wp\/v2\/categories?post=104231"},{"taxonomy":"post_tag","embeddable":true,"href":"https:\/\/linitiative.ca\/International\/wp-json\/wp\/v2\/tags?post=104231"}],"curies":[{"name":"wp","href":"https:\/\/api.w.org\/{rel}","templated":true}]}}