{"id":104236,"date":"2020-11-09T16:08:10","date_gmt":"2020-11-09T21:08:10","guid":{"rendered":"https:\/\/linitiative.ca\/International\/pr-abdoulaye-soma-ratisse-a-kombissiri\/"},"modified":"2020-11-09T16:08:10","modified_gmt":"2020-11-09T21:08:10","slug":"pr-abdoulaye-soma-ratisse-a-kombissiri","status":"publish","type":"post","link":"https:\/\/linitiative.ca\/International\/pr-abdoulaye-soma-ratisse-a-kombissiri\/","title":{"rendered":"Pr Abdoulaye Soma ratisse \u00e0 Kombissiri"},"content":{"rendered":"<div class=\"td-post-featured-image\"><a href=\"https:\/\/www.sidwaya.info\/wp-content\/uploads\/2020\/11\/prsomasid10.jpg\" data-caption=\"\"><img loading=\"lazy\" decoding=\"async\" width=\"589\" height=\"787\" class=\"entry-thumb td-modal-image\" src=\"https:\/\/www.sidwaya.info\/wp-content\/uploads\/2020\/11\/prsomasid10.jpg\" srcset=\"https:\/\/www.sidwaya.info\/wp-content\/uploads\/2020\/11\/prsomasid10.jpg 589w, https:\/\/www.sidwaya.info\/wp-content\/uploads\/2020\/11\/prsomasid10-225x300.jpg 225w, https:\/\/www.sidwaya.info\/wp-content\/uploads\/2020\/11\/prsomasid10-314x420.jpg 314w\" sizes=\"auto, (max-width: 589px) 100vw, 589px\" alt=\"\" title=\"prsomasid10\"\/><\/a><\/div>\n<p><strong>A Kombissiri, chef-lieu de la province du Baz\u00e8ga, le candidat du parti \u2018\u2019Soleil d\u2019avenir\u2019\u2019, le Pr Abdoulaye Soma est all\u00e9 \u00e0 la rencontre des \u00e9lecteurs de cette cit\u00e9, le vendredi 6 novembre 2020 \u00e0 travers sa campagne de proximit\u00e9.<\/strong><\/p>\n<p>Arriv\u00e9 peu avant 17 heures,\u00a0le candidat du parti \u2018\u2019 Soleil d\u2019avenir\u2019\u2019 a fait le tour des boutiques et autres commerces aux alentours du march\u00e9 central o\u00f9 il a \u00e9chang\u00e9 avec les commer\u00e7ants, les vendeuses de fruits et l\u00e9gumes et les restauratrices. \u00ab\u00a0Je vais \u00e0 la rencontre des diff\u00e9rentes cat\u00e9gories de populations pour parler avec elles, toucher du doigt leur r\u00e9alit\u00e9, leur expliquer mon programme et je leur dis en quoi est-ce que mon programme r\u00e8gle leurs probl\u00e8mes\u00a0\u00bb, a indiqu\u00e9 le Pr Abdoulaye Soma. Suivi par de jeunes gens \u00e0 motos, \u00e0 v\u00e9los et \u00e0 pieds venus le voir et l\u2019\u00e9couter en scandant en ch\u0153ur le nom de son parti au son des klaxons, n\u2019h\u00e9sitant pas parfois \u00e0 aller au contact de ceux avec qui, il \u00e9change pour leur exposer les points de son programme les concernant. \u00ab\u00a0Parce que je veux \u00eatre pr\u00e9sident de la r\u00e9publique pour r\u00e9gler les probl\u00e8mes des Burkinab\u00e8, je suis sur le terrain. Dans chaque localit\u00e9 o\u00f9 je suis pass\u00e9, la strat\u00e9gie est d\u2019aller dans des endroits o\u00f9 il y a le maximum de personnes, notamment les march\u00e9s et yaars\u00a0\u00bb, a pr\u00e9cis\u00e9 le Pr Abdoulaye Soma. S\u2019adressant aux commer\u00e7ants, aux restauratrices et autres vendeuses de fruits et l\u00e9gumes du march\u00e9 central de Kombissiri qui disent appr\u00e9cier la d\u00e9marche et qui ont pos\u00e9 la question de savoir ce qu\u2019il pr\u00e9voit pour eux, le candidat du parti \u2018\u2019Soleil d\u2019avenir\u2019\u2019 a r\u00e9pondu en ces termes\u00a0: \u00ab\u00a0Dans le secteur informel, j\u2019ai pr\u00e9vu de d\u00e9bloquer une somme annuelle de deux milliards et dans cette somme, je vais donner un million \u00e0 tout Burkinab\u00e8 hommes, femmes et jeunes qui est \u00e0 la recherche d\u2019emplois et qui a une id\u00e9e d\u2019activit\u00e9 qui peut employer cinq personnes\u00a0\u00bb. Avec les deux milliards, poursuit le candidat\u00a0: \u00ab\u00a0Je peux donner 1 million \u00e0 2000<br \/>personnes. Chacune de ces personnes employant 5<br \/>personnes, cela fait 10 000 emplois par an. Ce qui fait 50 000 emplois apr\u00e8s cinq ans\u00a0\u00bb. Aux \u00e9tudiants et aux \u00e9l\u00e8ves venus \u00e9galement l\u2019\u00e9couter, le Pr Abdoulaye Soma a \u00e9chang\u00e9 avec ces<br \/>derniers sur des points de son programme qui pr\u00e9voit pour eux la bourse de la classe de CP1 jusqu\u2019au doctorat en vue de les soutenir. Selon le Pr Abdoulaye Soma, le Burkina Faso aujourd\u2019hui a besoin d\u2019un homme nouveau, d\u2019une nouvelle g\u00e9n\u00e9ration de<br \/>leaders dans la classe politique pour d\u00e9bloquer le pays. Et pour ce faire, le candidat du \u2018\u2019Soleil d\u2019avenir\u2019\u2019 a invit\u00e9 la jeunesse de la province du Baz\u00e8ga \u00e0 voter pour lui le 22 novembre prochain car pr\u00e9cise-t-il,\u00a0 \u2018\u2019parmi les candidats \u00e0 l\u2019\u00e9lection pr\u00e9sidentielle, je suis le symbole de ce nouveau leadership politique\u2019\u2019. Jusqu\u2019\u00e0 la nuit<br \/>tomb\u00e9e, le candidat du \u2018\u2019Soleil d\u2019avenir\u2019\u2019 a continu\u00e9 de d\u00e9rouler l\u2019essentiel de son programme aux hommes et femmes qui n\u2019avaient toujours pas ferm\u00e9 leurs boutiques en vue de les convaincre de porter leurs choix sur lui pour qu\u2019il soit le nouveau locataire de Kosyam \u00e0 l\u2019issue de l\u2019\u00e9lection pr\u00e9sidentielle du 22 novembre 2020.<\/p>\n<p>T. Pascal Tiendreb\u00e9ogo<\/p>\n<div class=\"td-a-rec td-a-rec-id-content_bottom tdi_30_757 td_block_template_1\"><img loading=\"lazy\" decoding=\"async\" class=\"aligncenter size-full wp-image-27454\" src=\"https:\/\/www.sidwaya.info\/wp-content\/uploads\/2020\/10\/PUB-Bandeau-paiement-mobile-siteweb.jpg\" alt=\"\" width=\"728\" height=\"90\"\/><\/div>\n<p>Auteur: BM. Sidwaya<br \/>\n<a href=\"https:\/\/www.sidwaya.info\/blog\/2020\/11\/09\/pr-abdoulaye-soma-ratisse-a-kombissiri\/\">Cliquez ici pour lire l&rsquo;article depuis sa source.<\/a><\/p>\n","protected":false},"excerpt":{"rendered":"<p>A Kombissiri, chef-lieu de la province du Baz\u00e8ga, le candidat du parti \u2018\u2019Soleil d\u2019avenir\u2019\u2019, le Pr Abdoulaye Soma est all\u00e9 \u00e0 la rencontre des \u00e9lecteurs de cette cit\u00e9, le vendredi 6 novembre 2020 \u00e0 travers sa campagne de proximit\u00e9. Arriv\u00e9 peu avant 17 heures,\u00a0le candidat du parti \u2018\u2019 Soleil d\u2019avenir\u2019\u2019 a fait le tour des [&hellip;]<\/p>\n","protected":false},"author":1816,"featured_media":104237,"comment_status":"closed","ping_status":"closed","sticky":false,"template":"","format":"standard","meta":{"fifu_image_url":"","fifu_image_alt":"","footnotes":""},"categories":[73,81],"tags":[],"class_list":["post-104236","post","type-post","status-publish","format-standard","has-post-thumbnail","hentry","category-actualite","category-burkina-faso"],"_links":{"self":[{"href":"https:\/\/linitiative.ca\/International\/wp-json\/wp\/v2\/posts\/104236","targetHints":{"allow":["GET"]}}],"collection":[{"href":"https:\/\/linitiative.ca\/International\/wp-json\/wp\/v2\/posts"}],"about":[{"href":"https:\/\/linitiative.ca\/International\/wp-json\/wp\/v2\/types\/post"}],"author":[{"embeddable":true,"href":"https:\/\/linitiative.ca\/International\/wp-json\/wp\/v2\/users\/1816"}],"replies":[{"embeddable":true,"href":"https:\/\/linitiative.ca\/International\/wp-json\/wp\/v2\/comments?post=104236"}],"version-history":[{"count":0,"href":"https:\/\/linitiative.ca\/International\/wp-json\/wp\/v2\/posts\/104236\/revisions"}],"wp:featuredmedia":[{"embeddable":true,"href":"https:\/\/linitiative.ca\/International\/wp-json\/"}],"wp:attachment":[{"href":"https:\/\/linitiative.ca\/International\/wp-json\/wp\/v2\/media?parent=104236"}],"wp:term":[{"taxonomy":"category","embeddable":true,"href":"https:\/\/linitiative.ca\/International\/wp-json\/wp\/v2\/categories?post=104236"},{"taxonomy":"post_tag","embeddable":true,"href":"https:\/\/linitiative.ca\/International\/wp-json\/wp\/v2\/tags?post=104236"}],"curies":[{"name":"wp","href":"https:\/\/api.w.org\/{rel}","templated":true}]}}