{"id":104243,"date":"2020-11-09T18:03:55","date_gmt":"2020-11-09T23:03:55","guid":{"rendered":"https:\/\/linitiative.ca\/International\/rabat-et-paris-comptent-poursuivre-leur-coordination-sur-le-mali-et-le-sahel\/"},"modified":"2020-11-09T18:03:55","modified_gmt":"2020-11-09T23:03:55","slug":"rabat-et-paris-comptent-poursuivre-leur-coordination-sur-le-mali-et-le-sahel","status":"publish","type":"post","link":"https:\/\/linitiative.ca\/International\/rabat-et-paris-comptent-poursuivre-leur-coordination-sur-le-mali-et-le-sahel\/","title":{"rendered":"Rabat et Paris comptent poursuivre leur coordination sur le Mali et le Sahel"},"content":{"rendered":"<div readability=\"32\">\n<p>Publi\u00e9 le 10.11.2020 \u00e0 00h18 par APA News<\/p>\n<\/div>\n<div readability=\"97\">\n<p>Le Maroc et la France comptent poursuivre leur coordination sur le Mali et le Sahel, ont affirm\u00e9, lundi \u00e0 Rabat, les ministres des affaires \u00e9trang\u00e8res des deux pays.Paris et Rabat partagent les m\u00eames pr\u00e9occupations \u00e0 ce sujet et comptent poursuivre leur coordination sur le Mali et le Sahel, a fait savoir le ministre fran\u00e7ais de l\u2019Europe et des Affaires \u00e9trang\u00e8res, Jean Yves le Drian, lors d\u2019un point de presse conjoint avec son homologue marocain, Nasser Bourita.<\/p>\n<p>Le Drian a mis l\u2019accent sur l\u2019importance que la transition se poursuive dans le respect des engagements qui ont \u00e9t\u00e9 pris.<\/p>\n<p>Sur le m\u00eame registre, M. Bourita a affirm\u00e9 que le Maroc et la France se concertent notamment \u00e0 la situation au Mali et \u00e0 la menace terroriste dans cette r\u00e9gion. \u00ab Nous avons constat\u00e9 une bonne concertation au niveau bilat\u00e9ral \u00bb, a-t-il dit.<\/p>\n<p>Evoquant le dossier libyen, le chef de la diplomatie fran\u00e7aise a salu\u00e9les efforts \u00ab importants \u00bb d\u00e9ploy\u00e9s par le Maroc pour la recherche d\u2019une solution \u00e0 la crise libyenne.<\/p>\n<p>Les efforts importants du Maroc s\u2019inscrivent dans le cadre de la relance du processus politique sous l\u2019\u00e9gide des Nations unies auquel le Royaume y apporte une \u00ab contribution significative \u00bb, a-t-il relev\u00e9.<\/p>\n<p>Il a, \u00e0 cet \u00e9gard, salu\u00e9 l\u2019accueil par le Royaume des pourparlers inter-libyens \u00e0 Bouznika, soulignant l\u2019importance que le Maroc soit pleinement une partie prenante de toutes les initiatives internationales concernant la Libye.<\/p>\n<p>Le ministre fran\u00e7ais a relev\u00e9 qu\u2019il y a des signaux encourageants dans ce dossier, citant, entre autres, le maintien du cessez-le-feu et l\u2019organisation du forum politique interlibyen \u00e0 Tunis.<\/p>\n<p>Il a \u00e9galement indiqu\u00e9 que la France entend travailler avec le Maroc pour le renforcement de cette dynamique positive, insistant en outre sur la n\u00e9cessit\u00e9 de mettre un terme aux ing\u00e9rences \u00e9trang\u00e8res dans ce pays.\u00a0<\/p>\n<p>Pour sa part, M. Bourita a soulign\u00e9 que le Maroc et la France portent un int\u00e9r\u00eat particulier \u00e0 la stabilit\u00e9 de la Libye, rappelant que le Royaume a abrit\u00e9 les pourparlers inter-libyens qui ont permis des avanc\u00e9es.<\/p>\n<p>Il a aussi soulign\u00e9 la n\u00e9cessit\u00e9 d\u2019exploiter au mieux l\u2019\u00e9volution positive que conna\u00eet ce dossier notamment avec le cessez-le-feu et le processus politique<\/p>\n<p>Sur un autre volet, le chef de la diplomatie fran\u00e7aise a affirm\u00e9 que son pays compte sur le Maroc dans son combat contre le terrorisme et l\u2019extr\u00e9misme.<\/p>\n<p>\u00ab La France a tout le profond respect pour l\u2019Islam \u00bb, a-t-il par ailleurs soulign\u00e9, notant que le Royaume est porteur d\u2019un Islam de juste-milieu pr\u00f4n\u00e9 par SM le Roi, Commandeur des croyants.<\/p>\n<\/div>\n<p>Auteur: APA News<br \/>\n<a href=\"https:\/\/www.journalducameroun.com\/rabat-et-paris-comptent-poursuivre-leur-coordination-sur-le-mali-et-le-sahel\/\">Cliquez ici pour lire l&rsquo;article depuis sa source.<\/a><\/p>\n","protected":false},"excerpt":{"rendered":"<p>Publi\u00e9 le 10.11.2020 \u00e0 00h18 par APA News Le Maroc et la France comptent poursuivre leur coordination sur le Mali et le Sahel, ont affirm\u00e9, lundi \u00e0 Rabat, les ministres des affaires \u00e9trang\u00e8res des deux pays.Paris et Rabat partagent les m\u00eames pr\u00e9occupations \u00e0 ce sujet et comptent poursuivre leur coordination sur le Mali et le [&hellip;]<\/p>\n","protected":false},"author":1965,"featured_media":0,"comment_status":"closed","ping_status":"closed","sticky":false,"template":"","format":"standard","meta":{"fifu_image_url":"","fifu_image_alt":"","footnotes":""},"categories":[73,82],"tags":[],"class_list":["post-104243","post","type-post","status-publish","format-standard","hentry","category-actualite","category-cameroun"],"_links":{"self":[{"href":"https:\/\/linitiative.ca\/International\/wp-json\/wp\/v2\/posts\/104243","targetHints":{"allow":["GET"]}}],"collection":[{"href":"https:\/\/linitiative.ca\/International\/wp-json\/wp\/v2\/posts"}],"about":[{"href":"https:\/\/linitiative.ca\/International\/wp-json\/wp\/v2\/types\/post"}],"author":[{"embeddable":true,"href":"https:\/\/linitiative.ca\/International\/wp-json\/wp\/v2\/users\/1965"}],"replies":[{"embeddable":true,"href":"https:\/\/linitiative.ca\/International\/wp-json\/wp\/v2\/comments?post=104243"}],"version-history":[{"count":0,"href":"https:\/\/linitiative.ca\/International\/wp-json\/wp\/v2\/posts\/104243\/revisions"}],"wp:attachment":[{"href":"https:\/\/linitiative.ca\/International\/wp-json\/wp\/v2\/media?parent=104243"}],"wp:term":[{"taxonomy":"category","embeddable":true,"href":"https:\/\/linitiative.ca\/International\/wp-json\/wp\/v2\/categories?post=104243"},{"taxonomy":"post_tag","embeddable":true,"href":"https:\/\/linitiative.ca\/International\/wp-json\/wp\/v2\/tags?post=104243"}],"curies":[{"name":"wp","href":"https:\/\/api.w.org\/{rel}","templated":true}]}}