{"id":104245,"date":"2020-11-09T18:04:06","date_gmt":"2020-11-09T23:04:06","guid":{"rendered":"https:\/\/linitiative.ca\/International\/cote-divoire-amon-tanoh-oppose-au-conseil-national-de-transition-appelle-au-dialogue\/"},"modified":"2020-11-09T18:04:06","modified_gmt":"2020-11-09T23:04:06","slug":"cote-divoire-amon-tanoh-oppose-au-conseil-national-de-transition-appelle-au-dialogue","status":"publish","type":"post","link":"https:\/\/linitiative.ca\/International\/cote-divoire-amon-tanoh-oppose-au-conseil-national-de-transition-appelle-au-dialogue\/","title":{"rendered":"C\u00f4te d\u2019Ivoire: Amon-Tanoh, oppos\u00e9 au Conseil national de transition, appelle au dialogue"},"content":{"rendered":"<div readability=\"32\">\n<p>Publi\u00e9 le 10.11.2020 \u00e0 00h18 par APA News<\/p>\n<\/div>\n<div readability=\"97\">\n<p>L\u2019ex-chef de la diplomatie ivoirienne Marcel Amon-Tanoh, d\u00e9plore la cr\u00e9ation par l\u2019opposition du Conseil national de transition, un organe n\u00e9 de la crise li\u00e9e \u00e0 la pr\u00e9sidentielle et visant \u00e0 se substituer aux institutions, appelant au dialogue entre les parties.\u00a0\u00bbJe d\u00e9plore la cr\u00e9ation du Conseil national de transition qui n\u2019a aucun fondement l\u00e9gal et qui ravive les tensions et les risques d\u2019affrontements\u00a0\u00bb, d\u00e9clare M. Amon-Tanoh, qui souhaite n\u00e9anmoins qu\u2019en signe d\u2019apaisement, les personnes incarc\u00e9r\u00e9es soient lib\u00e9r\u00e9es par le pouvoir d\u2019Abidjan. \u00a0<\/p>\n<p>Il a exhort\u00e9 les parties en faction \u00e0 pr\u00e9server l\u2019int\u00e9r\u00eat sup\u00e9rieur de la nation, tout en sachant entendre raison aux fins que ce qui a \u00e9t\u00e9 construit en 60 ans d\u2019ind\u00e9pendance, ne soit pas d\u00e9truit, les invitant \u00e0 recourir au dialogue.<\/p>\n<p>\u00ab\u00a0Asseyons-nous et parlons-nous en fr\u00e8res et soeurs, avec amour car un d\u00e9but de vraie r\u00e9conciliation vaut mieux qu\u2019un affrontement sanglant (pour) \u00e9viter de verser plus de sang sur la terre de nos anc\u00eatres\u00a0\u00bb, a-t-il lanc\u00e9. \u00a0<\/p>\n<p>Selon lui, \u00ab\u00a0l\u2019heure est grave\u00a0\u00bb, chacun devrait \u00e9prouver un \u00ab\u00a0ultime sursaut pour sauver\u00a0\u00bb la C\u00f4te d\u2019Ivoire, le bien commun des Ivoiriens.\u00a0<\/p>\n<p>Pour sa part, il affirme s\u2019engager \u00e0 prendre des initiatives pour apporter sa \u00ab\u00a0modeste contribution \u00e0 un processus de dialogue et de r\u00e9conciliation inclusif, sans pr\u00e9alable ni conditions, en vue d\u2019aboutir \u00e0 un compromis au seul b\u00e9n\u00e9fice des Ivoiriens et de la paix\u00a0\u00bb.<\/p>\n<p>Il estime que l\u2019avenir du pays est aux mains de Dieu, mais aussi des Ivoiriens qui ont une responsabilit\u00e9 dans l\u2019\u00e9dification de la paix. En outre, une implication des acteurs politiques permettrait de ramener un climat de confiance.\u00a0<\/p>\n<p>L\u2019opposition qui d\u00e9nonce le processus \u00e9lectoral, a refus\u00e9 de prendre part \u00e0 l\u2019\u00e9lection pr\u00e9sidentielle du 31 octobre 2020, soutenant que les conditions n\u2019\u00e9taient pas r\u00e9unies pour un scrutin cr\u00e9dible. Une crise pre-\u00e9lectorale qui s\u2019est mu\u00e9e en une crise post-\u00e9lectorale.<\/p>\n<p>L\u2019on enregistre plusieurs morts survenus \u00e0 l\u2019issue de cette \u00ab\u00a0\u00e9lection non consensuelle\u00a0\u00bb qui laisse les Ivoiriens dans l\u2019incertitude, l\u2019angoise et la crainte\u00a0\u00bb, a fait observer l\u2019ancien chef de la diplomatie d\u2019Alassane Ouattara.<\/p>\n<p>M. Amon-Tanoh, un ex-collaborateur de M. Ouattara, a d\u00e9missionn\u00e9 de son poste de ministre des Affaires \u00e9trang\u00e8res pour se pr\u00e9senter \u00e0 l\u2019\u00e9lection pr\u00e9sidentielle du 31 octobre 2020. Son dossier a \u00e9t\u00e9 rejet\u00e9. Seulement quatre candidats ont \u00e9t\u00e9 retenus sur 44 dossiers de candidature.\u00a0<\/p>\n<p>Le Conseil constitutionnel a confirm\u00e9 lundi la r\u00e9\u00e9lection du pr\u00e9sident sortant Alassane Ouattara avec 94,27% des suffrages et un taux de participation de 53,90%. L\u2019opposition clame ne pas reconna\u00eetre cette \u00e9lection.\u00a0<\/p>\n<\/div>\n<p>Auteur: APA News<br \/>\n<a href=\"https:\/\/www.journalducameroun.com\/cote-divoire-amon-tanoh-oppose-au-conseil-national-de-transition-appelle-au-dialogue\/\">Cliquez ici pour lire l&rsquo;article depuis sa source.<\/a><\/p>\n","protected":false},"excerpt":{"rendered":"<p>Publi\u00e9 le 10.11.2020 \u00e0 00h18 par APA News L\u2019ex-chef de la diplomatie ivoirienne Marcel Amon-Tanoh, d\u00e9plore la cr\u00e9ation par l\u2019opposition du Conseil national de transition, un organe n\u00e9 de la crise li\u00e9e \u00e0 la pr\u00e9sidentielle et visant \u00e0 se substituer aux institutions, appelant au dialogue entre les parties.\u00a0\u00bbJe d\u00e9plore la cr\u00e9ation du Conseil national de [&hellip;]<\/p>\n","protected":false},"author":1965,"featured_media":0,"comment_status":"closed","ping_status":"closed","sticky":false,"template":"","format":"standard","meta":{"fifu_image_url":"","fifu_image_alt":"","footnotes":""},"categories":[73,82],"tags":[],"class_list":["post-104245","post","type-post","status-publish","format-standard","hentry","category-actualite","category-cameroun"],"_links":{"self":[{"href":"https:\/\/linitiative.ca\/International\/wp-json\/wp\/v2\/posts\/104245","targetHints":{"allow":["GET"]}}],"collection":[{"href":"https:\/\/linitiative.ca\/International\/wp-json\/wp\/v2\/posts"}],"about":[{"href":"https:\/\/linitiative.ca\/International\/wp-json\/wp\/v2\/types\/post"}],"author":[{"embeddable":true,"href":"https:\/\/linitiative.ca\/International\/wp-json\/wp\/v2\/users\/1965"}],"replies":[{"embeddable":true,"href":"https:\/\/linitiative.ca\/International\/wp-json\/wp\/v2\/comments?post=104245"}],"version-history":[{"count":0,"href":"https:\/\/linitiative.ca\/International\/wp-json\/wp\/v2\/posts\/104245\/revisions"}],"wp:attachment":[{"href":"https:\/\/linitiative.ca\/International\/wp-json\/wp\/v2\/media?parent=104245"}],"wp:term":[{"taxonomy":"category","embeddable":true,"href":"https:\/\/linitiative.ca\/International\/wp-json\/wp\/v2\/categories?post=104245"},{"taxonomy":"post_tag","embeddable":true,"href":"https:\/\/linitiative.ca\/International\/wp-json\/wp\/v2\/tags?post=104245"}],"curies":[{"name":"wp","href":"https:\/\/api.w.org\/{rel}","templated":true}]}}