{"id":104246,"date":"2020-11-09T18:04:11","date_gmt":"2020-11-09T23:04:11","guid":{"rendered":"https:\/\/linitiative.ca\/International\/la-france-preoccupee-par-le-blocage-en-cours-a-guargarat\/"},"modified":"2020-11-09T18:04:11","modified_gmt":"2020-11-09T23:04:11","slug":"la-france-preoccupee-par-le-blocage-en-cours-a-guargarat","status":"publish","type":"post","link":"https:\/\/linitiative.ca\/International\/la-france-preoccupee-par-le-blocage-en-cours-a-guargarat\/","title":{"rendered":"La France pr\u00e9occup\u00e9e par le blocage en cours \u00e0 Guargarat"},"content":{"rendered":"<div readability=\"32\">\n<p>Publi\u00e9 le 10.11.2020 \u00e0 00h18 par APA News<\/p>\n<\/div>\n<div readability=\"64\">\n<p>La France s\u2019est dite pr\u00e9occup\u00e9e par le blocage en cours \u00e0 Guergarat au Sahara, a affirm\u00e9, lundi \u00e0 Rabat, le ministre fran\u00e7ais de l\u2019Europe et des Affaires \u00e9trang\u00e8res, Jean Yves Le Drian.La France suit avec attention les \u00e9v\u00e9nements de Guergarat, a indiqu\u00e9 le chef de la diplomatie fran\u00e7aise lors d\u2019un point de presse conjoint avec son homologue marocain, Nasser Bourita, \u00e0 l\u2019issue de leurs entretiens, soulignant qu\u2019\u00ab il faut sortir de cette situation \u00bb.<\/p>\n<p>Il a dans le m\u00eame sens tenu \u00e0 saluer la responsabilit\u00e9 dont fait preuve le Maroc.<\/p>\n<p>Le chef de la diplomatie fran\u00e7aise a par ailleurs r\u00e9it\u00e9r\u00e9 la position \u00ab constante \u00bb de la France soutenant la recherche d\u2019une solution \u00ab juste, durable et mutuellement agr\u00e9\u00e9e \u00bb sous l\u2019\u00e9gide de l\u2019ONU \u00e0 la question du Sahara.<\/p>\n<p>\u00ab J\u2019ai rappel\u00e9 \u00e0 M. Bourita la position constante de la France soutenant la recherche d\u2019une solution juste, durable et mutuellement agr\u00e9\u00e9e sous l\u2019\u00e9gide des Nations unies, conform\u00e9ment aux r\u00e9solutions du Conseil de s\u00e9curit\u00e9, consid\u00e9rant le plan d\u2019autonomie marocain comme une base s\u00e9rieuse et cr\u00e9dible pour une solution n\u00e9goci\u00e9e \u00bb, a-t-il dit.<\/p>\n<p>Pour sa part, M. Bourita a indiqu\u00e9 que l\u2019entretien avec son homologue fran\u00e7ais a \u00e9t\u00e9 une occasion de lui donner un aper\u00e7u sur l\u2019\u00e9volution de la question du Sahara notamment apr\u00e8s l\u2019adoption de la nouvelle r\u00e9solution du Conseil de s\u00e9curit\u00e9 de l\u2019ONU.<\/p>\n<\/div>\n<p>Auteur: APA News<br \/>\n<a href=\"https:\/\/www.journalducameroun.com\/la-france-preoccupee-par-le-blocage-en-cours-a-guargarat\/\">Cliquez ici pour lire l&rsquo;article depuis sa source.<\/a><\/p>\n","protected":false},"excerpt":{"rendered":"<p>Publi\u00e9 le 10.11.2020 \u00e0 00h18 par APA News La France s\u2019est dite pr\u00e9occup\u00e9e par le blocage en cours \u00e0 Guergarat au Sahara, a affirm\u00e9, lundi \u00e0 Rabat, le ministre fran\u00e7ais de l\u2019Europe et des Affaires \u00e9trang\u00e8res, Jean Yves Le Drian.La France suit avec attention les \u00e9v\u00e9nements de Guergarat, a indiqu\u00e9 le chef de la diplomatie [&hellip;]<\/p>\n","protected":false},"author":1965,"featured_media":0,"comment_status":"closed","ping_status":"closed","sticky":false,"template":"","format":"standard","meta":{"fifu_image_url":"","fifu_image_alt":"","footnotes":""},"categories":[73,82],"tags":[],"class_list":["post-104246","post","type-post","status-publish","format-standard","hentry","category-actualite","category-cameroun"],"_links":{"self":[{"href":"https:\/\/linitiative.ca\/International\/wp-json\/wp\/v2\/posts\/104246","targetHints":{"allow":["GET"]}}],"collection":[{"href":"https:\/\/linitiative.ca\/International\/wp-json\/wp\/v2\/posts"}],"about":[{"href":"https:\/\/linitiative.ca\/International\/wp-json\/wp\/v2\/types\/post"}],"author":[{"embeddable":true,"href":"https:\/\/linitiative.ca\/International\/wp-json\/wp\/v2\/users\/1965"}],"replies":[{"embeddable":true,"href":"https:\/\/linitiative.ca\/International\/wp-json\/wp\/v2\/comments?post=104246"}],"version-history":[{"count":0,"href":"https:\/\/linitiative.ca\/International\/wp-json\/wp\/v2\/posts\/104246\/revisions"}],"wp:attachment":[{"href":"https:\/\/linitiative.ca\/International\/wp-json\/wp\/v2\/media?parent=104246"}],"wp:term":[{"taxonomy":"category","embeddable":true,"href":"https:\/\/linitiative.ca\/International\/wp-json\/wp\/v2\/categories?post=104246"},{"taxonomy":"post_tag","embeddable":true,"href":"https:\/\/linitiative.ca\/International\/wp-json\/wp\/v2\/tags?post=104246"}],"curies":[{"name":"wp","href":"https:\/\/api.w.org\/{rel}","templated":true}]}}