{"id":104247,"date":"2020-11-09T18:04:16","date_gmt":"2020-11-09T23:04:16","guid":{"rendered":"https:\/\/linitiative.ca\/International\/le-roi-mohammed-vi-donne-ses-orientations-pour-le-lancement-dans-les-prochaines-semaines-dune-operation-massive-de-vaccination-contre-la-covid-19\/"},"modified":"2020-11-09T18:04:16","modified_gmt":"2020-11-09T23:04:16","slug":"le-roi-mohammed-vi-donne-ses-orientations-pour-le-lancement-dans-les-prochaines-semaines-dune-operation-massive-de-vaccination-contre-la-covid-19","status":"publish","type":"post","link":"https:\/\/linitiative.ca\/International\/le-roi-mohammed-vi-donne-ses-orientations-pour-le-lancement-dans-les-prochaines-semaines-dune-operation-massive-de-vaccination-contre-la-covid-19\/","title":{"rendered":"Le Roi Mohammed VI donne ses orientations pour le lancement dans les prochaines semaines d\u2019une op\u00e9ration massive de vaccination contre la Covid-19"},"content":{"rendered":"<div readability=\"32\">\n<p>Publi\u00e9 le 10.11.2020 \u00e0 00h18 par APA News<\/p>\n<\/div>\n<div readability=\"106\">\n<p>Le Roi Mohammed VI a pr\u00e9sid\u00e9, lundi \u00e0 Rabat, une s\u00e9ance de travail consacr\u00e9e \u00e0 la strat\u00e9gie de vaccination contre la Covid-19, indique un communiqu\u00e9 du cabinet royal.Cette r\u00e9union s\u2019inscrit dans le cadre du suivi continu par le Souverain de l\u2019\u00e9volution de la pand\u00e9mie et des mesures prises dans le cadre de la lutte contre sa propagation et de la protection de la vie et de la sant\u00e9 des citoyens, ajoute la m\u00eame source.<\/p>\n<p>Au cours de cette r\u00e9union, et sur la base de l\u2019avis rendu par le Comit\u00e9 national scientifique ad hoc soulignant que la campagne vaccinale est une r\u00e9ponse r\u00e9elle pour mettre fin \u00e0 la phase aigu\u00eb de la pand\u00e9mie, et fid\u00e8le \u00e0 l\u2019approche royale proactive adopt\u00e9e depuis l\u2019apparition de ce virus, le Roi a donn\u00e9 ses Hautes orientations en vue du lancement, dans les prochaines semaines, d\u2019une op\u00e9ration massive de vaccination contre la Covid-19, annonce le cabinet royal.<\/p>\n<p>Cette op\u00e9ration nationale, d\u2019envergure in\u00e9dite, vise la couverture de la population par un vaccin en tant que moyen idoine d\u2019immunisation contre le virus et de maitrise de sa propagation. Selon les r\u00e9sultats des \u00e9tudes cliniques d\u00e9j\u00e0 achev\u00e9es ou toujours en cours, la s\u00e9curit\u00e9, l\u2019efficacit\u00e9 et immunog\u00e9nicit\u00e9 du vaccin ont \u00e9t\u00e9 prouv\u00e9es.<\/p>\n<p>Ainsi, cette op\u00e9ration devra couvrir les citoyens \u00e2g\u00e9s de plus de 18 ans, selon un sch\u00e9ma vaccinal en deux injections. La priorit\u00e9 sera notamment donn\u00e9e aux personnels de premi\u00e8re ligne, en l\u2019occurrence, le personnel de Sant\u00e9, les autorit\u00e9s publiques, les forces de s\u00e9curit\u00e9 et le personnel de l\u2019\u00e9ducation nationale, ainsi qu\u2019aux personnes \u00e2g\u00e9es et aux personnes vuln\u00e9rables au virus, et ce, avant de l\u2019\u00e9largir au reste de la population, pr\u00e9cise-t-on.<\/p>\n<p>Le Royaume a pu occuper un rang avanc\u00e9 dans l\u2019approvisionnement en vaccin contre la Covid-19, gr\u00e2ce \u00e0 l\u2019initiative et \u00e0 l\u2019implication personnelle du Souverain qui ont abouti \u00e0 la participation r\u00e9ussie de notre pays, dans ce cadre, aux essais cliniques.<\/p>\n<p>Le Roi Mohammed VI, poursuit la m\u00eame source, a ainsi donn\u00e9 ses directives aux autorit\u00e9s comp\u00e9tentes pour veiller \u00e0 la bonne pr\u00e9paration et au bon d\u00e9roulement de cette op\u00e9ration nationale d\u2019envergure, tant sur les plans sanitaire, logistique que technique.<\/p>\n<p>L\u2019accent a \u00e9t\u00e9 mis notamment sur l\u2019accessibilit\u00e9 du vaccin, dans un cadre social et solidaire, et sa disponibilit\u00e9 en quantit\u00e9s suffisantes, ainsi que sur la logistique m\u00e9dicale de transport, d\u2019entreposage et d\u2019administration du vaccin sur l\u2019ensemble du territoire et la mise en place d\u2019un syst\u00e8me efficace de pr\u00e9-enregistrement des b\u00e9n\u00e9ficiaires.<\/p>\n<p>A cet effet, le Souverain a appel\u00e9 \u00e0 la mobilisation de tous les services et d\u00e9partements concern\u00e9s, en particulier le personnel de la sant\u00e9, l\u2019administration territoriale et les forces de l\u2019ordre, ainsi que l\u2019appui n\u00e9cessaire des Forces Arm\u00e9es Royales (FAR).<\/p>\n<\/div>\n<p>Auteur: APA News<br \/>\n<a href=\"https:\/\/www.journalducameroun.com\/le-roi-mohammed-vi-donne-ses-orientations-pour-le-lancement-dans-les-prochaines-semaines-dune-operation-massive-de-vaccination-contre-la-covid-19\/\">Cliquez ici pour lire l&rsquo;article depuis sa source.<\/a><\/p>\n","protected":false},"excerpt":{"rendered":"<p>Publi\u00e9 le 10.11.2020 \u00e0 00h18 par APA News Le Roi Mohammed VI a pr\u00e9sid\u00e9, lundi \u00e0 Rabat, une s\u00e9ance de travail consacr\u00e9e \u00e0 la strat\u00e9gie de vaccination contre la Covid-19, indique un communiqu\u00e9 du cabinet royal.Cette r\u00e9union s\u2019inscrit dans le cadre du suivi continu par le Souverain de l\u2019\u00e9volution de la pand\u00e9mie et des mesures [&hellip;]<\/p>\n","protected":false},"author":1965,"featured_media":0,"comment_status":"closed","ping_status":"closed","sticky":false,"template":"","format":"standard","meta":{"fifu_image_url":"","fifu_image_alt":"","footnotes":""},"categories":[73,82],"tags":[],"class_list":["post-104247","post","type-post","status-publish","format-standard","hentry","category-actualite","category-cameroun"],"_links":{"self":[{"href":"https:\/\/linitiative.ca\/International\/wp-json\/wp\/v2\/posts\/104247","targetHints":{"allow":["GET"]}}],"collection":[{"href":"https:\/\/linitiative.ca\/International\/wp-json\/wp\/v2\/posts"}],"about":[{"href":"https:\/\/linitiative.ca\/International\/wp-json\/wp\/v2\/types\/post"}],"author":[{"embeddable":true,"href":"https:\/\/linitiative.ca\/International\/wp-json\/wp\/v2\/users\/1965"}],"replies":[{"embeddable":true,"href":"https:\/\/linitiative.ca\/International\/wp-json\/wp\/v2\/comments?post=104247"}],"version-history":[{"count":0,"href":"https:\/\/linitiative.ca\/International\/wp-json\/wp\/v2\/posts\/104247\/revisions"}],"wp:attachment":[{"href":"https:\/\/linitiative.ca\/International\/wp-json\/wp\/v2\/media?parent=104247"}],"wp:term":[{"taxonomy":"category","embeddable":true,"href":"https:\/\/linitiative.ca\/International\/wp-json\/wp\/v2\/categories?post=104247"},{"taxonomy":"post_tag","embeddable":true,"href":"https:\/\/linitiative.ca\/International\/wp-json\/wp\/v2\/tags?post=104247"}],"curies":[{"name":"wp","href":"https:\/\/api.w.org\/{rel}","templated":true}]}}