{"id":104251,"date":"2020-11-09T12:39:53","date_gmt":"2020-11-09T17:39:53","guid":{"rendered":"https:\/\/linitiative.ca\/International\/la-cemac-a-enregistre-une-inflation-de-20-en-2019banque-de-france\/"},"modified":"2020-11-09T12:39:53","modified_gmt":"2020-11-09T17:39:53","slug":"la-cemac-a-enregistre-une-inflation-de-20-en-2019banque-de-france","status":"publish","type":"post","link":"https:\/\/linitiative.ca\/International\/la-cemac-a-enregistre-une-inflation-de-20-en-2019banque-de-france\/","title":{"rendered":"La Cemac a enregistr\u00e9 une inflation de 2,0% en 2019(Banque de France)"},"content":{"rendered":"<p>La Banque de France vient de publier son rapport\u00a0\u00e9conomique et financier 2019 sur la Cemac, l\u2019Uemoa et l\u2019Union des Comores. Dans la zone de la Communaut\u00e9 \u00e9conomique et mon\u00e9taire de l\u2019Afrique Centrale (Cemac), il ressort que\u00a0: \u00ab\u00a0<em>l\u2019activit\u00e9 \u00e9conomique de la CEMAC a connu en 2019 une croissance de 2,1 %. Ce taux, en l\u00e9g\u00e8re am\u00e9lioration par rapport \u00e0 l\u2019ann\u00e9e pr\u00e9c\u00e9dente (1,8 %), confirme le redressement tr\u00e8s progressif de la sous\u2011r\u00e9gion, frapp\u00e9e \u00e0 partir de 2015 par la crise des mati\u00e8res premi\u00e8res<\/em>\u00a0\u00bb, note le rapport. Une croissance repartie entre les six \u00e9tats membres de cette communaut\u00e9 telle que suit\u00a0: 4,3 % en Centrafrique, 3,9 % pour le\u00a0\u00a0Cameroun et le Gabon, 2,6 % pour le Tchad, \u2013 0,7 % pour le Congo qui enregistre un repli du secteur tertiaire et -4,5% en Guin\u00e9e-Equatoriale.<\/p>\n<p><strong>Lire aussi<\/strong> : <a href=\"https:\/\/ecomatin.net\/cemac-le-cameroun-transporte-23-millions-de-tonnes-de-marchandises-par-route-vers-ses-voisins\/\">Cemac\u00a0: le Cameroun transporte 23 millions de tonnes de marchandises par route vers ses voisins<\/a><\/p>\n<p>Un autre aspect ressorti dans ce rapport concernant la Cemac est l\u2019inflation. Dans la sous-r\u00e9gion, l\u2019on note un taux d\u2019inflation de 2%, qui reste en dessous de la norme communautaire de 3%. \u00ab\u00a0<em>Elle est partout comprise entre 2,0 et 2,8 %, \u00e0 l\u2019exception de la Guin\u00e9e \u00e9quatoriale (1,2 %) et du Tchad, qui a renou\u00e9 en 2019 avec une inflation n\u00e9gative (\u2013 1,0 %) traduisant la baisse des prix des produits alimentaires dans un contexte de r\u00e9coltes abondantes<\/em>\u00a0\u00bb note le rapport. Parmi les produits de la sous-r\u00e9gion, une hausse a \u00e9t\u00e9 observ\u00e9e au niveau des biens import\u00e9s. Ceci est li\u00e9 selon l\u2019institution\u00a0\u00a0par la perturbation des circuits d\u2019approvisionnement, le rel\u00e8vement de la fiscalit\u00e9 sur certains biens de consommation ou services (logement et restauration notamment) au Cameroun, au Congo et au Gabon, ainsi que par la hausse du co\u00fbt des transports cons\u00e9cutive \u00e0 l\u2019instauration de p\u00e9ages routiers au Congo.<\/p>\n<p>\u00a0Dans le m\u00eame temps la production de biens alimentaires (b\u00e9tail, produits vivriers) au Cameroun a par ailleurs \u00e9t\u00e9 affect\u00e9e par des conditions climatiques difficiles et par la persistance des tensions politiques dans les r\u00e9gions anglophones, avec un impact haussier sur le prix de ces biens.<\/p>\n<p><strong>Lire aussi<\/strong> : <a href=\"https:\/\/ecomatin.net\/transport-terrestre-vers-une-augmentation-du-prix-du-fret-sur-le-corridor-douala-bangui\/\">Transport terrestre vers une augmentation du prix du fret sur le corridor Douala-Bangui<\/a><\/p>\n<p>\u00ab\u00a0<em>Dans l\u2019ensemble, le faible dynamisme de la demande int\u00e9rieure et la baisse du co\u00fbt de l\u2019\u00e9nergie ont n\u00e9anmoins jou\u00e9 un r\u00f4le mod\u00e9rateur dans la progression de l\u2019indice des prix en CEMAC<\/em>\u00bb, conclut-elle sur l\u2019inflation. Mais de fa\u00e7on globale selon la Banque \u00ab\u00a0: \u00ab\u00a0<em>si la CEMAC a enregistr\u00e9 une croissance et une inflation mod\u00e9r\u00e9es en 2019, les perspectives \u00e9conomiques se sont fortement d\u00e9t\u00e9rior\u00e9es en 2020 sous l\u2019effet de la pand\u00e9mie de Covid\u201119\u00a0<\/em>\u00bb.<\/p>\n<p>Du c\u00f4t\u00e9 de l\u2019Afrique de l\u2019Ouest \u00e0 travers l\u2019Union \u00e9conomique et mon\u00e9taire ouest-africain (Uemoa) la Banque de France fait savoir\u00a0\u00a0cet effet qu\u2019e<em>n 2019, \u00ab\u00a0la croissance du PIB de l\u2019UEMOA a l\u00e9g\u00e8rement ralenti \u00e0 6,1 %, apr\u00e8s 6,4 % en 2018, mais demeure nettement sup\u00e9rieure \u00e0 la moyenne des pays d\u2019Afrique subsaharienne (3,2 % selon les Perspectives \u00e9conomiques mondiales du Fonds mon\u00e9taire international \u2013 FMI, octobre 2020)<\/em>\u00bb.<\/p>\n<p><strong>Lire aussi<\/strong> : <a href=\"https:\/\/ecomatin.net\/liberalisation-de-leconomie-luemoa-fait-mieux-que-la-cemac\/\">Lib\u00e9ration de l\u2019\u00e9conomie\u00a0: l\u2019Uemoa fait mieux que la Cemac<\/a><\/p>\n<p>Pour l\u2019Union des Comores, la croissance a \u00e9t\u00e9 frein\u00e9e au cours de l\u2019ann\u00e9e dernier s\u2019\u00e9tablissant \u00e0 2%, contre 3,8%. Ceci s\u2019explique par le passage du cyclone Kenneth qui a frapp\u00e9 le pays dans la nuit du 25 au 26 avril 2019. \u00ab<em>Selon les estimations de la Banque centrale des Comores (BCC), l\u2019impact global du cyclone a priv\u00e9 la croissance du PIB de 1,6 point de pourcentage (pp), soit pratiquement l\u2019int\u00e9gralit\u00e9 du ralentissement observ\u00e9 entre 2018 et 2019 par rapport \u00e0 la trajectoire pr\u00e9vue. Du c\u00f4t\u00e9 de la demande, la croissance du PIB refl\u00e8te essentiellement celle de la consommation priv\u00e9e (+ 2,3 pp), tandis que les exportations nettes ont contribu\u00e9 n\u00e9gativement \u00e0 la croissance (\u2013 0,5 pp)\u00a0\u00bb.\u00a0<\/em><\/p>\n<p><strong>Lire aussi<\/strong> : <a href=\"https:\/\/ecomatin.net\/fcfa-ce-que-gagne-la-france-avec-la-reforme\/\">FCFA\u00a0: ce que gagne la France avec la r\u00e9forme<\/a><\/p>\n<div class=\"awac-wrapper awac widget posts-list-widget-11\">\n<h4 class=\"widget-title\">Le plus r\u00e9cent<\/h4>\n<\/div>\n<p>Auteur: Eco Matin<br \/>\n<a href=\"https:\/\/ecomatin.net\/la-cemac-a-enregistre-une-inflation-de-20-en-2019banque-de-france\/\">Cliquez ici pour lire l&rsquo;article depuis sa source.<\/a><\/p>\n","protected":false},"excerpt":{"rendered":"<p>La Banque de France vient de publier son rapport\u00a0\u00e9conomique et financier 2019 sur la Cemac, l\u2019Uemoa et l\u2019Union des Comores. Dans la zone de la Communaut\u00e9 \u00e9conomique et mon\u00e9taire de l\u2019Afrique Centrale (Cemac), il ressort que\u00a0: \u00ab\u00a0l\u2019activit\u00e9 \u00e9conomique de la CEMAC a connu en 2019 une croissance de 2,1 %. Ce taux, en l\u00e9g\u00e8re am\u00e9lioration [&hellip;]<\/p>\n","protected":false},"author":1969,"featured_media":0,"comment_status":"closed","ping_status":"closed","sticky":false,"template":"","format":"standard","meta":{"fifu_image_url":"","fifu_image_alt":"","footnotes":""},"categories":[82,78],"tags":[],"class_list":["post-104251","post","type-post","status-publish","format-standard","hentry","category-cameroun","category-economie"],"_links":{"self":[{"href":"https:\/\/linitiative.ca\/International\/wp-json\/wp\/v2\/posts\/104251","targetHints":{"allow":["GET"]}}],"collection":[{"href":"https:\/\/linitiative.ca\/International\/wp-json\/wp\/v2\/posts"}],"about":[{"href":"https:\/\/linitiative.ca\/International\/wp-json\/wp\/v2\/types\/post"}],"author":[{"embeddable":true,"href":"https:\/\/linitiative.ca\/International\/wp-json\/wp\/v2\/users\/1969"}],"replies":[{"embeddable":true,"href":"https:\/\/linitiative.ca\/International\/wp-json\/wp\/v2\/comments?post=104251"}],"version-history":[{"count":0,"href":"https:\/\/linitiative.ca\/International\/wp-json\/wp\/v2\/posts\/104251\/revisions"}],"wp:attachment":[{"href":"https:\/\/linitiative.ca\/International\/wp-json\/wp\/v2\/media?parent=104251"}],"wp:term":[{"taxonomy":"category","embeddable":true,"href":"https:\/\/linitiative.ca\/International\/wp-json\/wp\/v2\/categories?post=104251"},{"taxonomy":"post_tag","embeddable":true,"href":"https:\/\/linitiative.ca\/International\/wp-json\/wp\/v2\/tags?post=104251"}],"curies":[{"name":"wp","href":"https:\/\/api.w.org\/{rel}","templated":true}]}}