{"id":104252,"date":"2020-11-09T12:58:55","date_gmt":"2020-11-09T17:58:55","guid":{"rendered":"https:\/\/linitiative.ca\/International\/sosucam-dote-le-lycee-bilingue-de-mbandjock-dun-laboratoire-scientifique\/"},"modified":"2020-11-09T12:58:55","modified_gmt":"2020-11-09T17:58:55","slug":"sosucam-dote-le-lycee-bilingue-de-mbandjock-dun-laboratoire-scientifique","status":"publish","type":"post","link":"https:\/\/linitiative.ca\/International\/sosucam-dote-le-lycee-bilingue-de-mbandjock-dun-laboratoire-scientifique\/","title":{"rendered":"Sosucam dote le lyc\u00e9e bilingue de Mbandjock d\u2019un laboratoire scientifique"},"content":{"rendered":"<p>Les \u00e9l\u00e8ves de la ville de Mbandjock, d\u00e9partement de la Haute-Sanaga n\u2019auront plus \u00e0 faire le d\u00e9placement vers Obala pour effectuer les \u00e9preuves pratiques des examens officiels. Ceci a \u00e9t\u00e9 rendu possible gr\u00e2ce\u00a0\u00a0la Soci\u00e9t\u00e9 sucri\u00e8re du Cameroun (Sosucam) qui a construit au Lyc\u00e9e bilingue de Mbandjock un laboratoire scientifique. Il a \u00e9t\u00e9 inaugur\u00e9 le 5 novembre 2020, au cours d\u2019une c\u00e9r\u00e9monie de remise d\u2019ouvrages sociaux dans les arrondissements de Nkoteng et Mbandjock pr\u00e9sid\u00e9e par le pr\u00e9fet de la Haute-Sanaga Albert Nanga Dang. L\u2019infrastructure en question s\u2019\u00e9tend sur une superficie de 105 m2, pour capacit\u00e9 d\u2019accueil totale de 41 personnes, avec un co\u00fbt total 120 millions de FCFA.<\/p>\n<p><strong>Lire aussi<\/strong> : <a href=\"https:\/\/ecomatin.net\/agro-industrie-les-employes-de-sosucam-recoivent-une-majoration-de-10-sur-le-salaire\/\">Agro-industrie\u00a0: les employ\u00e9s de Sosucam re\u00e7oivent une majoration de 10% sur le salaire<\/a><\/p>\n<p>Les b\u00e9n\u00e9ficiaires de ce don ne cacheront pas alors leur joie face \u00e0 ce don l\u2019entreprise sucri\u00e8re. \u00ab\u00a0<em>L\u2019inauguration de ce b\u00e2timent est loin d\u2019\u00eatre simple c\u00e9r\u00e9monie protocolaire. C\u2019est un v\u00e9ritable ouf de soulagement pour la communaut\u00e9 \u00e9ducative de Mbandjock. Ce lourd et imposant investissement de la Sosucam va\u00a0\u00a0coup s\u00fbr changer la physionomie du syst\u00e8me \u00e9ducatif, tout en capacitant les enfants<\/em>\u00bb, indiquait le maire de la ville Angele Nyango\u2019o, aux confr\u00e8res de l\u2019Oeil du Sahel.<\/p>\n<p>Autre infrastructures r\u00e9alis\u00e9es par la Sosucam, c\u2019est la construction d\u2019un b\u00e2timent de trois salles de classe et d\u2019un bloc administratif \u00e0 l\u2019\u00e9cole publique du Camp Nanga-Nkoteng, d\u2019un b\u00e2timent de deux salles de classes \u00e0 l\u2019\u00e9cole publique de Zili et de la remise des paquets minimum \u00e0 six \u00e9coles du p\u00e9rim\u00e8tre. Une innovation figure aussi dans la dotation de la Sosucam est la remise de 500 cartables scolaires aux \u00e9l\u00e8ves.<\/p>\n<p><strong>Lire aussi<\/strong> : <a href=\"https:\/\/ecomatin.net\/agro-industrie-la-sosucam-va-en-guerre-la-contrefacon\/\">Agro-industrie\u00a0: la Sosucam va en guerre contre la contrefa\u00e7on<\/a><\/p>\n<p>\u00ab\u00a0<em>Cette solution propos\u00e9e par la Sosucam contribuera sans aucun doute \u00e0 l\u2019am\u00e9lioration des conditions d\u2019\u00e9ducation du p\u00e9rim\u00e8tre sucrier<\/em>\u00a0\u00bb, indique la filiale du fran\u00e7ais Somdiaa. Notons que ces investissements s\u2019inscrivent dans la poursuite de la mise en \u0153uvre des actions du Fonds social pour le d\u00e9veloppement durable (FS2D) et la d\u00e9marche de d\u00e9veloppement durable et de responsabilit\u00e9 soci\u00e9tale des entreprises engag\u00e9 par l\u2019entreprise depuis 2014.<\/p>\n<p>Pour rappel, la Sosucam a \u00e9t\u00e9 cr\u00e9\u00e9 en 1964. Soci\u00e9t\u00e9 au capital de 13 milliards de FCFA soit 21 millions d\u2019euros, elle est d\u00e9tenue \u00e0 72,72% par le Groupe fran\u00e7ais Somdiaa et le reste du capital \u00e9tant r\u00e9parti entre l\u2019Etat camerounais et des actionnaires priv\u00e9s, dont le personnel de la Sosucam. Elle cultive 18 700 ha de plantations de cannes \u00e0 sucre situ\u00e9s, sur deux sites sucriers que sont MBandjock et NKoteng et produit pr\u00e8s de 105 000 tonnes de sucre par an, dont 17 000 tonnes en morceaux.<\/p>\n<p><strong>Lire aussi<\/strong> : <a href=\"https:\/\/ecomatin.net\/consommation-sosucam-rassure-sur-la-disponibilite-du-sucre\/\">Consommation\u00a0: Sosucam rassure sur la disponibilit\u00e9 du sucre<\/a><\/p>\n<div class=\"awac-wrapper awac widget posts-list-widget-11\">\n<h4 class=\"widget-title\">Le plus r\u00e9cent<\/h4>\n<\/div>\n<p>Auteur: Eco Matin<br \/>\n<a href=\"https:\/\/ecomatin.net\/sosucam-dote-le-lycee-bilingue-de-mbandjock-dun-laboratoire-scientifique\/\">Cliquez ici pour lire l&rsquo;article depuis sa source.<\/a><\/p>\n","protected":false},"excerpt":{"rendered":"<p>Les \u00e9l\u00e8ves de la ville de Mbandjock, d\u00e9partement de la Haute-Sanaga n\u2019auront plus \u00e0 faire le d\u00e9placement vers Obala pour effectuer les \u00e9preuves pratiques des examens officiels. Ceci a \u00e9t\u00e9 rendu possible gr\u00e2ce\u00a0\u00a0la Soci\u00e9t\u00e9 sucri\u00e8re du Cameroun (Sosucam) qui a construit au Lyc\u00e9e bilingue de Mbandjock un laboratoire scientifique. Il a \u00e9t\u00e9 inaugur\u00e9 le 5 [&hellip;]<\/p>\n","protected":false},"author":1969,"featured_media":0,"comment_status":"closed","ping_status":"closed","sticky":false,"template":"","format":"standard","meta":{"fifu_image_url":"","fifu_image_alt":"","footnotes":""},"categories":[82,78],"tags":[],"class_list":["post-104252","post","type-post","status-publish","format-standard","hentry","category-cameroun","category-economie"],"_links":{"self":[{"href":"https:\/\/linitiative.ca\/International\/wp-json\/wp\/v2\/posts\/104252","targetHints":{"allow":["GET"]}}],"collection":[{"href":"https:\/\/linitiative.ca\/International\/wp-json\/wp\/v2\/posts"}],"about":[{"href":"https:\/\/linitiative.ca\/International\/wp-json\/wp\/v2\/types\/post"}],"author":[{"embeddable":true,"href":"https:\/\/linitiative.ca\/International\/wp-json\/wp\/v2\/users\/1969"}],"replies":[{"embeddable":true,"href":"https:\/\/linitiative.ca\/International\/wp-json\/wp\/v2\/comments?post=104252"}],"version-history":[{"count":0,"href":"https:\/\/linitiative.ca\/International\/wp-json\/wp\/v2\/posts\/104252\/revisions"}],"wp:attachment":[{"href":"https:\/\/linitiative.ca\/International\/wp-json\/wp\/v2\/media?parent=104252"}],"wp:term":[{"taxonomy":"category","embeddable":true,"href":"https:\/\/linitiative.ca\/International\/wp-json\/wp\/v2\/categories?post=104252"},{"taxonomy":"post_tag","embeddable":true,"href":"https:\/\/linitiative.ca\/International\/wp-json\/wp\/v2\/tags?post=104252"}],"curies":[{"name":"wp","href":"https:\/\/api.w.org\/{rel}","templated":true}]}}