{"id":104254,"date":"2020-11-10T07:26:41","date_gmt":"2020-11-10T12:26:41","guid":{"rendered":"https:\/\/linitiative.ca\/International\/larache-lindh-engagee-pour-la-generalisation-de-lenseignement-prescolaire\/"},"modified":"2020-11-10T07:26:41","modified_gmt":"2020-11-10T12:26:41","slug":"larache-lindh-engagee-pour-la-generalisation-de-lenseignement-prescolaire","status":"publish","type":"post","link":"https:\/\/linitiative.ca\/International\/larache-lindh-engagee-pour-la-generalisation-de-lenseignement-prescolaire\/","title":{"rendered":"Larache : L\u2019INDH engag\u00e9e pour la g\u00e9n\u00e9ralisation  de l\u2019enseignement pr\u00e9scolaire"},"content":{"rendered":"<header>\n<\/header>\n<div class=\"entry-content clearfix\" readability=\"61\"><img decoding=\"async\" class=\"post_layout_5_img\" src=\"http:\/\/aujourdhui.ma\/wp-content\/uploads\/2020\/11\/INDH-engagee-pour-la-generalisation-de-lenseignement-prescolaire.jpg\" alt=\"Larache : L&#x2019;INDH engag&#xE9;e pour la g&#xE9;n&#xE9;ralisation de l&#x2019;enseignement pr&#xE9;scolaire\"\/><\/p>\n<p><span class=\"c5\"><strong>L\u2019Initiative nationale pour le d\u00e9veloppement humain (INDH) est fortement engag\u00e9e pour la g\u00e9n\u00e9ralisation de l\u2019enseignement pr\u00e9scolaire dans la province de Larache, et ce \u00e0 travers la mise en place de plusieurs projets dans le domaine.<\/strong><\/span><span id=\"more-360001\"\/><br \/>En effet, l\u2019INDH a \u0153uvr\u00e9 pour la mise en place de 69 unit\u00e9s d\u2019enseignement pr\u00e9scolaire dans les diff\u00e9rentes communes relevant de la province de Larache, a indiqu\u00e9 Soukaina El Koraichi, cadre de la division de l\u2019action sociale \u00e0 la pr\u00e9fecture de Larache, notant que 24 unit\u00e9s ont \u00e9t\u00e9 achev\u00e9es en 2019 et re\u00e7oivent actuellement les enfants dans le total respect des mesures pr\u00e9ventives pr\u00e9conis\u00e9es pour lutter contre la propagation du nouveau coronavirus (Covid-19). Les 45 autres unit\u00e9s d\u2019enseignement pr\u00e9scolaire se trouvent dans les derni\u00e8res phases de r\u00e9alisation et seront bient\u00f4t inaugur\u00e9es, a poursuivi Mme El Koraichi dans une d\u00e9claration \u00e0 la MAP, notant qu\u2019une enveloppe budg\u00e9taire de 19 millions de dirhams a \u00e9t\u00e9 allou\u00e9e au projet de construction, d\u2019am\u00e9nagement, d\u2019\u00e9quipement et de gestion des 69 unit\u00e9s.<br \/>Le projet, qui b\u00e9n\u00e9ficie \u00e0 2.450 enfants issus des diff\u00e9rents douars des communes relevant de la province de Larache, s\u2019inscrit dans le cadre de la mise en oeuvre des programmes de la phase III de l\u2019INDH, notamment le 4\u00e8me programme relatif \u00e0 l\u2019impulsion du capital humain des g\u00e9n\u00e9rations montantes, dont l\u2019appui \u00e0 la g\u00e9n\u00e9ralisation du pr\u00e9scolaire est l\u2019un de ses axes primordiaux, a-t-elle rappel\u00e9.<br \/>Par ailleurs, Mme El Koraichi a fait savoir que ce projet vise notamment \u00e0 g\u00e9n\u00e9raliser l\u2019enseignement pr\u00e9scolaire, \u00e0 garantir la qualit\u00e9 des services fournis aux enfants et \u00e0 conscientiser quant \u00e0 l\u2019importance de l\u2019enseignement pr\u00e9scolaire, comme \u00e9tant un axe fondamental pour appuyer et d\u00e9velopper le capital humain.<br \/>Elle a, en outre, relev\u00e9 que ce projet est mis en place en partenariat avec la Fondation Zakoura pour l\u2019\u00e9ducation, un des partenaires strat\u00e9giques de l\u2019INDH dans la r\u00e9alisation dudit projet, et en coordination avec la direction provinciale du minist\u00e8re de l\u2019\u00e9ducation nationale.<br \/>Pour sa part, le superviseur p\u00e9dagogique de la Fondation Zakoura dans la r\u00e9gion du nord, Sellam El Hambouch, a not\u00e9 que la Fondation, en partenariat avec l\u2019INDH, a \u0153uvr\u00e9 \u00e0 la cr\u00e9ation de 24 unit\u00e9s de pr\u00e9scolaire dans 24 douars relevant de 13 communes rurales de la province de Larache.<\/p>\n<\/div>\n<p>Auteur: ALM<br \/>\n<a href=\"https:\/\/aujourdhui.ma\/societe\/larache-lindh-engagee-pour-la-generalisation-de-lenseignement-prescolaire\">Cliquez ici pour lire l&rsquo;article depuis sa source.<\/a><\/p>\n","protected":false},"excerpt":{"rendered":"<p>L\u2019Initiative nationale pour le d\u00e9veloppement humain (INDH) est fortement engag\u00e9e pour la g\u00e9n\u00e9ralisation de l\u2019enseignement pr\u00e9scolaire dans la province de Larache, et ce \u00e0 travers la mise en place de plusieurs projets dans le domaine.En effet, l\u2019INDH a \u0153uvr\u00e9 pour la mise en place de 69 unit\u00e9s d\u2019enseignement pr\u00e9scolaire dans les diff\u00e9rentes communes relevant de [&hellip;]<\/p>\n","protected":false},"author":1759,"featured_media":104255,"comment_status":"closed","ping_status":"closed","sticky":false,"template":"","format":"standard","meta":{"fifu_image_url":"","fifu_image_alt":"","footnotes":""},"categories":[73,54],"tags":[],"class_list":["post-104254","post","type-post","status-publish","format-standard","has-post-thumbnail","hentry","category-actualite","category-maroc"],"_links":{"self":[{"href":"https:\/\/linitiative.ca\/International\/wp-json\/wp\/v2\/posts\/104254","targetHints":{"allow":["GET"]}}],"collection":[{"href":"https:\/\/linitiative.ca\/International\/wp-json\/wp\/v2\/posts"}],"about":[{"href":"https:\/\/linitiative.ca\/International\/wp-json\/wp\/v2\/types\/post"}],"author":[{"embeddable":true,"href":"https:\/\/linitiative.ca\/International\/wp-json\/wp\/v2\/users\/1759"}],"replies":[{"embeddable":true,"href":"https:\/\/linitiative.ca\/International\/wp-json\/wp\/v2\/comments?post=104254"}],"version-history":[{"count":0,"href":"https:\/\/linitiative.ca\/International\/wp-json\/wp\/v2\/posts\/104254\/revisions"}],"wp:featuredmedia":[{"embeddable":true,"href":"https:\/\/linitiative.ca\/International\/wp-json\/"}],"wp:attachment":[{"href":"https:\/\/linitiative.ca\/International\/wp-json\/wp\/v2\/media?parent=104254"}],"wp:term":[{"taxonomy":"category","embeddable":true,"href":"https:\/\/linitiative.ca\/International\/wp-json\/wp\/v2\/categories?post=104254"},{"taxonomy":"post_tag","embeddable":true,"href":"https:\/\/linitiative.ca\/International\/wp-json\/wp\/v2\/tags?post=104254"}],"curies":[{"name":"wp","href":"https:\/\/api.w.org\/{rel}","templated":true}]}}