{"id":104256,"date":"2020-11-10T08:00:27","date_gmt":"2020-11-10T13:00:27","guid":{"rendered":"https:\/\/linitiative.ca\/International\/formation-professionnelle-loubna-tricha-senquiert-de-lavancement-des-travaux-de-la-cmc-de-laayoune\/"},"modified":"2020-11-10T08:00:27","modified_gmt":"2020-11-10T13:00:27","slug":"formation-professionnelle-loubna-tricha-senquiert-de-lavancement-des-travaux-de-la-cmc-de-laayoune","status":"publish","type":"post","link":"https:\/\/linitiative.ca\/International\/formation-professionnelle-loubna-tricha-senquiert-de-lavancement-des-travaux-de-la-cmc-de-laayoune\/","title":{"rendered":"Formation professionnelle : Loubna Tricha s\u2019enquiert de l\u2019avancement  des travaux de la CMC de La\u00e2youne"},"content":{"rendered":"<p><img decoding=\"async\" class=\"post_layout_5_img\" src=\"http:\/\/aujourdhui.ma\/wp-content\/uploads\/2018\/08\/Loubna-Tricha.jpg\" alt=\"Formation professionnelle : Loubna Tricha s&#x2019;enquiert de l&#x2019;avancement des travaux de la CMC de La&#xE2;youne\"\/><\/p>\n<p><span class=\"c5\"><strong>Loubna Tricha, directrice g\u00e9n\u00e9rale de l\u2019Office de la formation professionnelle et de la promotion du travail (OFPPT), s\u2019est enquise le week-end dernier de l\u2019avancement des travaux de la 5\u00e8me Cit\u00e9 des m\u00e9tiers et des comp\u00e9tences (CMC) d\u00e9di\u00e9e \u00e0 la r\u00e9gion de La\u00e2youne-Sakia El Hamra et dont les travaux ont \u00e9t\u00e9 lanc\u00e9s le 21 septembre dernier.<\/strong><\/span><\/p>\n<p><span id=\"more-360004\"\/><br \/>Cet \u00e9tablissement \u00abnouvelle g\u00e9n\u00e9ration\u00bb d\u00e9ploiera une offre de formation particuli\u00e8rement diversifi\u00e9e et ax\u00e9e sur les fili\u00e8res \u00e0 fort potentiel et en parfaite compl\u00e9mentarit\u00e9 avec le dispositif existant.<br \/>Compte tenu de l\u2019int\u00e9r\u00eat majeur que repr\u00e9sente cette nouvelle CMC en faveur de l\u2019essor \u00e9conomique r\u00e9gional, la carte de formation a \u00e9t\u00e9 arr\u00eat\u00e9e en concertation avec les professionnels et les diff\u00e9rentes parties prenantes de la r\u00e9gion afin de satisfaire les besoins en comp\u00e9tences du bassin de l\u2019emploi r\u00e9gional et de favoriser l\u2019employabilit\u00e9 des jeunes.<br \/>Innovante et \u00e0 la pointe de la technologie, la CMC La\u00e2youne d\u00e9ploiera un total de 46 fili\u00e8res (dont 70% nouvellement cr\u00e9\u00e9es) dans 6 secteurs d\u2019activit\u00e9 majeurs, en phase avec l\u2019\u00e9cosyst\u00e8me de la r\u00e9gion.<br \/>Dot\u00e9e d\u2019une capacit\u00e9 d\u2019accueil de 2.000 stagiaires par an, la Cit\u00e9 regroupera des p\u00f4les d\u00e9di\u00e9s au Digital &amp; Offshoring dot\u00e9 d\u2019une Digital Factory, gestion et commerce, avec une entreprise virtuelle de simulation, sant\u00e9, avec un Centre de simulation, logistique et transport, avec des pistes de conduite, p\u00eache, avec piscine couverte pour la formation sur les premiers soins, secourisme et s\u00e9curit\u00e9 du travail , et un p\u00f4le artisanat.<br \/>La superficie de la CMC La\u00e2youne-Sakia El Hamra s\u2019\u00e9talera sur un terrain de 15 hectares, dont 9 r\u00e9serv\u00e9s \u00e0 des extensions futures, faisant partie du patrimoine des domaines priv\u00e9s de l\u2019Etat, dans la ville de La\u00e2youne, et mobilisera une enveloppe budg\u00e9taire globale de 300 MDH, dont deux tiers seront d\u00e9di\u00e9s aux \u00e9tudes et travaux de construction.<br \/>Le d\u00e9veloppement des comp\u00e9tences transversales et techniques sera au c\u0153ur de la formation des stagiaires, et ce par le biais des diff\u00e9rents espaces p\u00e9dagogiques qui seront mis \u00e0 leur disposition, notamment le centre de langues et de soft skills, le career center, les espaces de co-working, la Digital Factory, l\u2019incubateur des entreprises, la m\u00e9diath\u00e8que, etc.<br \/>La CMC sera \u00e9galement dot\u00e9e d\u2019espaces de rencontre, de terrains de sport et d\u2019une caf\u00e9t\u00e9ria, ainsi que d\u2019une Maison de stagiaires, offrant une capacit\u00e9 d\u2019h\u00e9bergement et de restauration de 300 lits et couverts. La construction de la plateforme de formation professionnelle multisectorielle sera ex\u00e9cut\u00e9e selon un \u00e9ch\u00e9ancier de 15 mois.<br \/>Notons que l\u2019OFPPT est engag\u00e9 dans l\u2019accompagnement des acteurs r\u00e9gionaux dans l\u2019effort de d\u00e9veloppement de la r\u00e9gion La\u00e2youne-Sakia El Hamra et apporte son appui au plan de d\u00e9veloppement des provinces du Sud, notamment \u00e0 travers la diversification et la r\u00e9-ing\u00e9nierie de son offre de formation pour satisfaire les besoins en ressources humaines qualifi\u00e9es des entreprises de la r\u00e9gion, le renforcement et la modernisation de son r\u00e9seau d\u2019\u00e9tablissements et l\u2019augmentation du nombre de places p\u00e9dagogiques.<\/p>\n<p>Auteur: Mohamed Laabid<br \/>\n<a href=\"https:\/\/aujourdhui.ma\/actualite\/formation-professionnelle-loubna-tricha-senquiert-de-lavancement-des-travaux-de-la-cmc-de-laayoune\">Cliquez ici pour lire l&rsquo;article depuis sa source.<\/a><\/p>\n","protected":false},"excerpt":{"rendered":"<p>Loubna Tricha, directrice g\u00e9n\u00e9rale de l\u2019Office de la formation professionnelle et de la promotion du travail (OFPPT), s\u2019est enquise le week-end dernier de l\u2019avancement des travaux de la 5\u00e8me Cit\u00e9 des m\u00e9tiers et des comp\u00e9tences (CMC) d\u00e9di\u00e9e \u00e0 la r\u00e9gion de La\u00e2youne-Sakia El Hamra et dont les travaux ont \u00e9t\u00e9 lanc\u00e9s le 21 septembre dernier. [&hellip;]<\/p>\n","protected":false},"author":1759,"featured_media":104257,"comment_status":"closed","ping_status":"closed","sticky":false,"template":"","format":"standard","meta":{"fifu_image_url":"","fifu_image_alt":"","footnotes":""},"categories":[73,54],"tags":[],"class_list":["post-104256","post","type-post","status-publish","format-standard","has-post-thumbnail","hentry","category-actualite","category-maroc"],"_links":{"self":[{"href":"https:\/\/linitiative.ca\/International\/wp-json\/wp\/v2\/posts\/104256","targetHints":{"allow":["GET"]}}],"collection":[{"href":"https:\/\/linitiative.ca\/International\/wp-json\/wp\/v2\/posts"}],"about":[{"href":"https:\/\/linitiative.ca\/International\/wp-json\/wp\/v2\/types\/post"}],"author":[{"embeddable":true,"href":"https:\/\/linitiative.ca\/International\/wp-json\/wp\/v2\/users\/1759"}],"replies":[{"embeddable":true,"href":"https:\/\/linitiative.ca\/International\/wp-json\/wp\/v2\/comments?post=104256"}],"version-history":[{"count":0,"href":"https:\/\/linitiative.ca\/International\/wp-json\/wp\/v2\/posts\/104256\/revisions"}],"wp:featuredmedia":[{"embeddable":true,"href":"https:\/\/linitiative.ca\/International\/wp-json\/"}],"wp:attachment":[{"href":"https:\/\/linitiative.ca\/International\/wp-json\/wp\/v2\/media?parent=104256"}],"wp:term":[{"taxonomy":"category","embeddable":true,"href":"https:\/\/linitiative.ca\/International\/wp-json\/wp\/v2\/categories?post=104256"},{"taxonomy":"post_tag","embeddable":true,"href":"https:\/\/linitiative.ca\/International\/wp-json\/wp\/v2\/tags?post=104256"}],"curies":[{"name":"wp","href":"https:\/\/api.w.org\/{rel}","templated":true}]}}