{"id":104258,"date":"2020-11-10T09:00:57","date_gmt":"2020-11-10T14:00:57","guid":{"rendered":"https:\/\/linitiative.ca\/International\/hayat-bichr-benjamaa-dedie-une-toile-haute-en-couleur-a-la-marche-verte\/"},"modified":"2020-11-10T09:00:57","modified_gmt":"2020-11-10T14:00:57","slug":"hayat-bichr-benjamaa-dedie-une-toile-haute-en-couleur-a-la-marche-verte","status":"publish","type":"post","link":"https:\/\/linitiative.ca\/International\/hayat-bichr-benjamaa-dedie-une-toile-haute-en-couleur-a-la-marche-verte\/","title":{"rendered":"Hayat Bichr-Benjamaa d\u00e9die une toile haute en couleur \u00e0 la Marche Verte"},"content":{"rendered":"<p><img decoding=\"async\" class=\"post_layout_5_img\" src=\"http:\/\/aujourdhui.ma\/wp-content\/uploads\/2020\/11\/Hayat-Bichr-Benjamaa-dedie-une-toile-haute-en-couleur-a-la-Marche-Verte.jpg\" alt=\"Hayat Bichr-Benjamaa d&#xE9;die une toile haute en couleur &#xE0; la Marche Verte\"\/><\/p>\n<p><span class=\"c5\"><strong>Elle expose jusqu\u2019au 15 novembre aux c\u00f4t\u00e9s d\u2019autres<\/strong><\/span><span id=\"more-360007\"\/><\/p>\n<p>La cr\u00e9ativit\u00e9 foisonne autour de la Marche Verte. Entre autres, l\u2019artiste-peintre marocaine Hayat Bichr-Benjamaa a r\u00e9cemment con\u00e7u une \u0153uvre d\u00e9di\u00e9e au 45\u00e8me anniversaire de cette \u00e9minente manifestation nationale. Une toile qu\u2019elle pr\u00e9sente, jusqu\u2019au 15 novembre \u00e0 la galerie \u00abFree Arts\u00bb de la Fondation ALECA \u00e0 Harhoura, le temps d\u2019une exposition collective initi\u00e9e par l\u2019artiste-peintre Ayad Lemhaouer. \u00abC\u2019est lui qui a lanc\u00e9 l\u2019appel aux artistes pour comm\u00e9morer l\u2019anniversaire de la Marche Verte. D\u2019autant plus que tous les tableaux expos\u00e9s ont \u00e9t\u00e9 r\u00e9cemment cr\u00e9\u00e9s pour cette occasion\u00bb, exalte-t-elle en \u00e9num\u00e9rant les participants. Y prennent ainsi part le grand calligraphe marocain Mohamed Qarmad, les artistes Nourdine Tabbai, Fouzia Nsiri, le Y\u00e9m\u00e9nite Khalid Brik, la Franco-marocaine Arlette Fatime Didiche et Abdelfettah Jabri.<\/p>\n<p>Cela \u00e9tant, l\u2019exposition collective se d\u00e9roule, comme le rappelle Mme Bichr-Benjamaa, en respect de toutes les consignes anti-Covid. \u00abPas de vernissage, pas plus de 4 personnes \u00e0 la fois dans la galerie, masque obligatoire, distanciation, etc.\u00bb, rappelle-t-elle.<br \/>Outre cet \u00e9v\u00e9nement, cette artiste-peintre a particip\u00e9 \u00e0 d\u2019autres. C\u2019est le cas de l\u2019exposition collective \u00abArt R\u00e9trospective\u00bb organis\u00e9e au Diwan MGallery \u00e0 Rabat. Elle y a pris part aux c\u00f4t\u00e9s d\u2019une trentaine d\u2019artistes qui ont pr\u00e9sent\u00e9, \u00e0 leur tour, leurs \u0153uvres dans cet espace qui a f\u00eat\u00e9 en d\u00e9but 2020 ses dix ans. Dans cette exposition, l\u2019artiste a pr\u00e9sent\u00e9 notamment une \u0153uvre qui a suscit\u00e9 l\u2019int\u00e9r\u00eat. Intitul\u00e9e \u00abLa voie de la lumi\u00e8re\u00bb, cette toile insinue, selon ses dires, que l\u2019\u00e9ducation, dont elle fait mention en langue arabe sur sa cr\u00e9ation, illumine les parcours. La particularit\u00e9 de cette toile r\u00e9side dans la technique du collage puisqu\u2019elle s\u2019int\u00e8gre \u00e0 la toile faite en peinture \u00e0 l\u2019huile. Outre le collage en cette langue, l\u2019artiste-peintre, n\u00e9e \u00e0 Rabat, opte pour celui en tifinagh. \u00abJe m\u2019int\u00e9resse \u00e0 la culture amazighe. Je me suis \u00e9galement sp\u00e9cialis\u00e9e en patrimoine arabo-jud\u00e9o-amazigh marocain qui est oubli\u00e9. Mon objectif est de faire vivre l\u2019histoire\u00bb, d\u00e9taille-t-elle.<\/p>\n<p>L\u2019artiste, dipl\u00f4m\u00e9e en langue et litt\u00e9rature anglaises, dit \u00e9galement oser le collage en h\u00e9breu. \u00abChose que personne ne fait. C\u2019est mon cachet et mon style\u00bb, avance la cr\u00e9atrice qui indique travailler aussi sur la femme marocaine, arabe et juive. Et ce n\u2019est pas tout. L\u2019artiste, qui se qualifie d\u2019autodidacte et passionn\u00e9e, travaille sur un autre sujet qui suscite son int\u00e9r\u00eat. \u00abJe suis sur une collection qui retrace l\u2019histoire du Maroc\u00bb, encha\u00eene l\u2019artiste qui pr\u00e9f\u00e8re ne pas d\u00e9voiler les dessous de cette collection pour ne pas en g\u00e2cher le charme.<br \/>Pour rappel, l\u2019artiste-peintre, qui expose ses toiles depuis 2014, s\u2019est initi\u00e9e aux arts plastiques d\u00e8s son adolescence en prenant go\u00fbt pour les pastels et le collage. Une p\u00e9riode durant laquelle elle suivait \u00e9galement des \u00e9tudes de musique au Conservatoire national de Rabat. Parall\u00e8lement \u00e0 cette p\u00e9riode, elle a d\u00e9j\u00e0 fait des reproductions d\u2019\u0153uvres du 19\u00e8me si\u00e8cle et des portraits. Une d\u00e9marche qu\u2019elle troque pour les sujets sur lesquels elle se penche sur la base de ses recherches. Cr\u00e9atif !<\/p>\n<p>Auteur: Salima Guisser<br \/>\n<a href=\"https:\/\/aujourdhui.ma\/culture\/hayat-bichr-benjamaa-dedie-une-toile-haute-en-couleur-a-la-marche-verte\">Cliquez ici pour lire l&rsquo;article depuis sa source.<\/a><\/p>\n","protected":false},"excerpt":{"rendered":"<p>Elle expose jusqu\u2019au 15 novembre aux c\u00f4t\u00e9s d\u2019autres La cr\u00e9ativit\u00e9 foisonne autour de la Marche Verte. Entre autres, l\u2019artiste-peintre marocaine Hayat Bichr-Benjamaa a r\u00e9cemment con\u00e7u une \u0153uvre d\u00e9di\u00e9e au 45\u00e8me anniversaire de cette \u00e9minente manifestation nationale. Une toile qu\u2019elle pr\u00e9sente, jusqu\u2019au 15 novembre \u00e0 la galerie \u00abFree Arts\u00bb de la Fondation ALECA \u00e0 Harhoura, le [&hellip;]<\/p>\n","protected":false},"author":1759,"featured_media":104259,"comment_status":"closed","ping_status":"closed","sticky":false,"template":"","format":"standard","meta":{"fifu_image_url":"","fifu_image_alt":"","footnotes":""},"categories":[73,54],"tags":[],"class_list":["post-104258","post","type-post","status-publish","format-standard","has-post-thumbnail","hentry","category-actualite","category-maroc"],"_links":{"self":[{"href":"https:\/\/linitiative.ca\/International\/wp-json\/wp\/v2\/posts\/104258","targetHints":{"allow":["GET"]}}],"collection":[{"href":"https:\/\/linitiative.ca\/International\/wp-json\/wp\/v2\/posts"}],"about":[{"href":"https:\/\/linitiative.ca\/International\/wp-json\/wp\/v2\/types\/post"}],"author":[{"embeddable":true,"href":"https:\/\/linitiative.ca\/International\/wp-json\/wp\/v2\/users\/1759"}],"replies":[{"embeddable":true,"href":"https:\/\/linitiative.ca\/International\/wp-json\/wp\/v2\/comments?post=104258"}],"version-history":[{"count":0,"href":"https:\/\/linitiative.ca\/International\/wp-json\/wp\/v2\/posts\/104258\/revisions"}],"wp:featuredmedia":[{"embeddable":true,"href":"https:\/\/linitiative.ca\/International\/wp-json\/"}],"wp:attachment":[{"href":"https:\/\/linitiative.ca\/International\/wp-json\/wp\/v2\/media?parent=104258"}],"wp:term":[{"taxonomy":"category","embeddable":true,"href":"https:\/\/linitiative.ca\/International\/wp-json\/wp\/v2\/categories?post=104258"},{"taxonomy":"post_tag","embeddable":true,"href":"https:\/\/linitiative.ca\/International\/wp-json\/wp\/v2\/tags?post=104258"}],"curies":[{"name":"wp","href":"https:\/\/api.w.org\/{rel}","templated":true}]}}