{"id":104262,"date":"2020-11-10T11:00:48","date_gmt":"2020-11-10T16:00:48","guid":{"rendered":"https:\/\/linitiative.ca\/International\/cest-parti-pour-45-jours-de-lecture\/"},"modified":"2020-11-10T11:00:48","modified_gmt":"2020-11-10T16:00:48","slug":"cest-parti-pour-45-jours-de-lecture","status":"publish","type":"post","link":"https:\/\/linitiative.ca\/International\/cest-parti-pour-45-jours-de-lecture\/","title":{"rendered":"C\u2019est parti pour 45 jours de lecture !"},"content":{"rendered":"<header>\n<div class=\"entry-post-meta\">\n<div class=\"author-link\">Publi\u00e9 par <a itemprop=\"author\" itemscope=\"\" itemtype=\"https:\/\/schema.org\/Person\" href=\"https:\/\/aujourdhui.ma\/author\/blio\" rel=\"author\"><span itemprop=\"name\">ALM<\/span><\/a><\/div>\n<p>Date\u00a0:<time content=\"2020-11-10T17:00:48+01:00\" class=\"entry-date updated\" datetime=\"2020-11-10T17:00:48+01:00\">novembre 10, 2020<\/time><\/p>\n<div class=\"entry-cat\">dans:<a href=\"https:\/\/aujourdhui.ma\/category\/culture\" rel=\"category tag\">Culture<\/a><\/div>\n<p>21Vues<\/p>\n<\/div>\n<\/header>\n<div class=\"entry-content clearfix\" readability=\"64\"><img decoding=\"async\" class=\"post_layout_5_img\" src=\"http:\/\/aujourdhui.ma\/wp-content\/uploads\/2020\/11\/Cest-parti-pour-45-jours-de-lecture-.jpg\" alt=\"C&#x2019;est parti pour 45 jours de lecture !\"\/><\/p>\n<p><span class=\"c5\"><strong>L\u2019op\u00e9ration \u00ab La lecture, acte de r\u00e9sistance \u00bb a \u00e9t\u00e9 lanc\u00e9e, par plusieurs acteurs de la cha\u00eene du livre, lundi soir \u00e0 la Librairie Kalila Wa Dimna \u00e0 Rabat.<\/strong><\/span><span id=\"more-360013\"\/><\/p>\n<p>\u00ab En cette p\u00e9riode de crise pand\u00e9mique, c\u2019est \u00e0 une autre forme de r\u00e9sistance et de marche que des professionnels du livre appellent. Celle de la R\u00e9sistance par la lecture ! \u00bb, exaltent les initiateurs \u00e0 propos de cet \u00e9v\u00e9nement. Selon la m\u00eame source, l\u2019initiative regroupe plusieurs acteurs de la cha\u00eene du livre, des \u00e9diteurs aux lecteurs, en passant par les auteurs et les libraires, maillons incontournables. Leur objectif \u00e9tant de \u00ab promouvoir la lecture aupr\u00e8s du plus grand nombre de Marocaines et de Marocains, dans toutes les r\u00e9gions du pays, et les int\u00e9grer, dans un mouvement solidaire et fraternel, dans notre lutte pour sauver le livre \u00bb.<\/p>\n<p>En d\u00e9tail, des libraires et des \u00e9diteurs proposeront aux lecteurs de toutes les r\u00e9gions du Maroc une s\u00e9lection d\u2019ouvrages pendant 45 jours. Pour rappel, le coup d\u2019envoi a \u00e9t\u00e9 marqu\u00e9 par la pr\u00e9sence de Abdelilah Afifi, secr\u00e9taire g\u00e9n\u00e9ral du minist\u00e8re de la Culture, Khalil Hachimi Idrissi, directeur g\u00e9n\u00e9ral de la MAP, Abdelkader Retnani, pr\u00e9sident de l\u2019Union Professionnelle des \u00c9diteurs du Maroc et Amine Benchekri, directeur g\u00e9n\u00e9ral de Sochepress.<\/p>\n<\/div>\n<p>Auteur: ALM<br \/>\n<a href=\"https:\/\/aujourdhui.ma\/culture\/cest-parti-pour-45-jours-de-lecture\">Cliquez ici pour lire l&rsquo;article depuis sa source.<\/a><\/p>\n","protected":false},"excerpt":{"rendered":"<p>Publi\u00e9 par ALM Date\u00a0:novembre 10, 2020 dans:Culture 21Vues L\u2019op\u00e9ration \u00ab La lecture, acte de r\u00e9sistance \u00bb a \u00e9t\u00e9 lanc\u00e9e, par plusieurs acteurs de la cha\u00eene du livre, lundi soir \u00e0 la Librairie Kalila Wa Dimna \u00e0 Rabat. \u00ab En cette p\u00e9riode de crise pand\u00e9mique, c\u2019est \u00e0 une autre forme de r\u00e9sistance et de marche que [&hellip;]<\/p>\n","protected":false},"author":1759,"featured_media":104263,"comment_status":"closed","ping_status":"closed","sticky":false,"template":"","format":"standard","meta":{"fifu_image_url":"","fifu_image_alt":"","footnotes":""},"categories":[73,54],"tags":[],"class_list":["post-104262","post","type-post","status-publish","format-standard","has-post-thumbnail","hentry","category-actualite","category-maroc"],"_links":{"self":[{"href":"https:\/\/linitiative.ca\/International\/wp-json\/wp\/v2\/posts\/104262","targetHints":{"allow":["GET"]}}],"collection":[{"href":"https:\/\/linitiative.ca\/International\/wp-json\/wp\/v2\/posts"}],"about":[{"href":"https:\/\/linitiative.ca\/International\/wp-json\/wp\/v2\/types\/post"}],"author":[{"embeddable":true,"href":"https:\/\/linitiative.ca\/International\/wp-json\/wp\/v2\/users\/1759"}],"replies":[{"embeddable":true,"href":"https:\/\/linitiative.ca\/International\/wp-json\/wp\/v2\/comments?post=104262"}],"version-history":[{"count":0,"href":"https:\/\/linitiative.ca\/International\/wp-json\/wp\/v2\/posts\/104262\/revisions"}],"wp:featuredmedia":[{"embeddable":true,"href":"https:\/\/linitiative.ca\/International\/wp-json\/"}],"wp:attachment":[{"href":"https:\/\/linitiative.ca\/International\/wp-json\/wp\/v2\/media?parent=104262"}],"wp:term":[{"taxonomy":"category","embeddable":true,"href":"https:\/\/linitiative.ca\/International\/wp-json\/wp\/v2\/categories?post=104262"},{"taxonomy":"post_tag","embeddable":true,"href":"https:\/\/linitiative.ca\/International\/wp-json\/wp\/v2\/tags?post=104262"}],"curies":[{"name":"wp","href":"https:\/\/api.w.org\/{rel}","templated":true}]}}