{"id":104264,"date":"2020-11-10T08:58:13","date_gmt":"2020-11-10T13:58:13","guid":{"rendered":"https:\/\/linitiative.ca\/International\/%ef%bb%bfdes-spectacles-en-ligne-pour-feter-le-mois-du-flamenco\/"},"modified":"2020-11-10T08:58:13","modified_gmt":"2020-11-10T13:58:13","slug":"%ef%bb%bfdes-spectacles-en-ligne-pour-feter-le-mois-du-flamenco","status":"publish","type":"post","link":"https:\/\/linitiative.ca\/International\/%ef%bb%bfdes-spectacles-en-ligne-pour-feter-le-mois-du-flamenco\/","title":{"rendered":"\ufeffDes spectacles en ligne pour f\u00eater le mois du flamenco"},"content":{"rendered":"<p class=\"has-text-color has-vivid-red-color c2\"><strong>Institut Cervantes<\/strong><\/p>\n<p class=\"c3\"><strong>O.K<\/strong><\/p>\n<p class=\"has-text-color c4\"><strong>Ce mois de novembre est celui du flamenco \u00e0\u00a0 l\u2019institut Cervantes. Du 9 au 27 novembre \u00e0 21 h, 18 capsules audiovisuelles de plusieurs artistes espagnols seront diffus\u00e9es sur les r\u00e9seaux sociaux de l\u2019institut Cervantes. En collaboration avec l\u2019ambassade de l\u2019Espagne au Maroc,\u00a0 le centre culturel propose au public marocain de fa\u00e7on quotidienne des spectacles\u00a0 virtuels de cette danse andalouse.<\/strong><\/p>\n<p>En effet, Suite \u00e0 l\u2019invitation de l\u2019Institut Cervantes, ces artistes espagnoles pr\u00e9senteront un contenu sp\u00e9cialement enregistr\u00e9 pour le public marocain. Chacun d\u2019entre eux pr\u00e9sentera trois vid\u00e9os d\u2019environ 3 minutes. Les amoureux du flamenco pourront \u00e9ventuellement d\u00e9couvrir\u00a0 la talentueuse danseuse Guadalupe Torres qui est l\u2019une des valeurs montantes de la danse flamenco. Elle dirige sa propre compagnie avec laquelle elle a cr\u00e9\u00e9 quatre spectacles qu\u2019elle a pr\u00e9sent\u00e9s aux festivals de flamenco les plus importants au monde.<\/p>\n<p>Au programme aussi des spectacles du danseur Marco Flores et du guitariste Am\u00f3s Lora qui a commenc\u00e9 \u00e0 jouer de la guitare \u00e0 l\u2019\u00e2ge de trois ans. \u00c0 douze ans, il a enregistr\u00e9 son premier album. Cet enfant prodige vient de sortir \u00e0 dix-neuf ans son troisi\u00e8me album solo.<\/p>\n<p>De son c\u00f4t\u00e9, l\u2019artiste Marco Flores a une solide carri\u00e8re dans la danse flamenco. Avec sa compagnie, qu\u2019il dirige depuis dix ans, il a cr\u00e9\u00e9 dix spectacles et a re\u00e7u d\u2019importants prix de danse. L\u2019une des voix f\u00e9minines les plus uniques du flamenco, Gema Caballero, fera \u00e9galement son show en ligne ainsi que la danseuse Sara Calero et le guitariste Ra\u00fal Cantizano.<\/p>\n<p>La danseuse Sara Calero, qui a d\u00e9j\u00e0 pr\u00e9sent\u00e9 cinq spectacles avec sa propre compagnie, cr\u00e9\u00e9e en 2011, participe avec sa cr\u00e9ativit\u00e9 et sa rigoureuse formation au renouveau de la danse espagnole et de la danse flamenco. Le guitariste s\u00e9villan Ra\u00fal Cantizano exp\u00e9rimente avec diff\u00e9rents styles de musique et de registres sonores. D\u2019un esprit inquiet, sa musique est un outil pour cr\u00e9er, grandir et remettre en question les codes et les clich\u00e9s.<\/p>\n<p>Auteur: M&rsquo;hammed rahal<br \/>\n<a href=\"http:\/\/albayane.press.ma\/%EF%BB%BFdes-spectacles-en-ligne-pour-feter-le-mois-du-flamenco.html\">Cliquez ici pour lire l&rsquo;article depuis sa source.<\/a><\/p>\n","protected":false},"excerpt":{"rendered":"<p>Institut Cervantes O.K Ce mois de novembre est celui du flamenco \u00e0\u00a0 l\u2019institut Cervantes. Du 9 au 27 novembre \u00e0 21 h, 18 capsules audiovisuelles de plusieurs artistes espagnols seront diffus\u00e9es sur les r\u00e9seaux sociaux de l\u2019institut Cervantes. En collaboration avec l\u2019ambassade de l\u2019Espagne au Maroc,\u00a0 le centre culturel propose au public marocain de fa\u00e7on [&hellip;]<\/p>\n","protected":false},"author":1760,"featured_media":0,"comment_status":"closed","ping_status":"closed","sticky":false,"template":"","format":"standard","meta":{"fifu_image_url":"","fifu_image_alt":"","footnotes":""},"categories":[73,54],"tags":[],"class_list":["post-104264","post","type-post","status-publish","format-standard","hentry","category-actualite","category-maroc"],"_links":{"self":[{"href":"https:\/\/linitiative.ca\/International\/wp-json\/wp\/v2\/posts\/104264","targetHints":{"allow":["GET"]}}],"collection":[{"href":"https:\/\/linitiative.ca\/International\/wp-json\/wp\/v2\/posts"}],"about":[{"href":"https:\/\/linitiative.ca\/International\/wp-json\/wp\/v2\/types\/post"}],"author":[{"embeddable":true,"href":"https:\/\/linitiative.ca\/International\/wp-json\/wp\/v2\/users\/1760"}],"replies":[{"embeddable":true,"href":"https:\/\/linitiative.ca\/International\/wp-json\/wp\/v2\/comments?post=104264"}],"version-history":[{"count":0,"href":"https:\/\/linitiative.ca\/International\/wp-json\/wp\/v2\/posts\/104264\/revisions"}],"wp:attachment":[{"href":"https:\/\/linitiative.ca\/International\/wp-json\/wp\/v2\/media?parent=104264"}],"wp:term":[{"taxonomy":"category","embeddable":true,"href":"https:\/\/linitiative.ca\/International\/wp-json\/wp\/v2\/categories?post=104264"},{"taxonomy":"post_tag","embeddable":true,"href":"https:\/\/linitiative.ca\/International\/wp-json\/wp\/v2\/tags?post=104264"}],"curies":[{"name":"wp","href":"https:\/\/api.w.org\/{rel}","templated":true}]}}