{"id":104271,"date":"2020-11-10T05:52:23","date_gmt":"2020-11-10T10:52:23","guid":{"rendered":"https:\/\/linitiative.ca\/International\/lg-lance-mondialement-un-purificateur-dair-portable-puricare\/"},"modified":"2020-11-10T05:52:23","modified_gmt":"2020-11-10T10:52:23","slug":"lg-lance-mondialement-un-purificateur-dair-portable-puricare","status":"publish","type":"post","link":"https:\/\/linitiative.ca\/International\/lg-lance-mondialement-un-purificateur-dair-portable-puricare\/","title":{"rendered":"LG LANCE MONDIALEMENT UN PURIFICATEUR D\u2019AIR PORTABLE PURICARE"},"content":{"rendered":"<p>Embl\u00e8me de la crise sanitaire, le masque est quasiment devenu une norme partout dans le monde. Les entreprises auraient donc tort de ne pas en profiter pour investir dans ce produit d\u2019avenir.<\/p>\n<p>C\u2019est dans ce contexte que la multinationale sud-cor\u00e9enne sp\u00e9cialis\u00e9e dans les hautes technologies LG vient de lancer \u00e0 l\u2019\u00e9chelle mondiale son nouveau purificateur d\u2019air portable, le PuriCare, qui prend une forme d\u00e9sormais tr\u00e8s famili\u00e8re, celle d\u2019un masque facial.<\/p>\n<p>LG vend d\u00e9j\u00e0 des PuriCare, mais il s\u2019agit de purificateurs d\u2019air domestiques, qui sont beaucoup plus grands. Sous forme de masque, le PuriCare a une double fonction de ventilation et de blocage. Plus pr\u00e9cis\u00e9ment, le masque s\u2019appuie sur deux filtres \u00ab HEPA H13 \u00bb, d\u00e9j\u00e0 pr\u00e9sents sur le PuriCare \u00e0 taille domestique.<\/p>\n<p>D\u2019apr\u00e8s LG, ces filtres peuvent bloquer 99,95 % des virus et bact\u00e9ries en suspension dans l\u2019air pour qu\u2019ils n\u2019atteignent ni la bouche, ni le nez (la firme ne donne toutefois pas d\u2019\u00e9l\u00e9ments sp\u00e9cifiques sur le Covid-19).<\/p>\n<p>Les ventilateurs \u00ab Dual \u00bb, quant \u00e0 eux, permettent \u00e0 l\u2019utilisateur de respirer correctement. Cerise sur le g\u00e2teau, le masque est dot\u00e9 d\u2019un capteur \u00ab respiratoire \u00bb qui d\u00e9termine le profil de respiration du porteur, afin d\u2019ajuster la vitesse des ventilateurs sur l\u2019un des trois r\u00e9glages disponibles.<\/p>\n<p>Le masque dispose, bien s\u00fbr, d\u2019une batterie rechargeable (820 mAh) et il peut \u00eatre d\u00e9mont\u00e9 pour \u00eatre nettoy\u00e9. D\u2019une certaine mani\u00e8re, PuriCare est un peu le masque ultime et l\u2019accessoire r\u00eav\u00e9 pour tout hypocondriaque qui se respecte.<\/p>\n<p>Pour le moment, le masque est vendu dans des r\u00e9gions-cl\u00e9s d\u2019Asie et du Moyen-Orient.<\/p>\n<div class=\"wp-post-author-wrap wp-post-author-shortcode left\">\n<h3 class=\"awpa-title\"\/>\n<div class=\"wp-post-author\">\n<div class=\"awpa-img awpa-author-block square\"><a href=\"http:\/\/lexpertjournal.net\/fr\/?author=5\"><img loading=\"lazy\" decoding=\"async\" alt=\"\" src=\"http:\/\/0.gravatar.com\/avatar\/97f8e10a1c1125ba104a76514ee07b16?s=150&amp;d=mm&amp;r=g\" srcset=\"http:\/\/0.gravatar.com\/avatar\/97f8e10a1c1125ba104a76514ee07b16?s=300&amp;d=mm&amp;r=g 2x\" class=\"avatar avatar-150 photo\" height=\"150\" width=\"150\"\/><\/a><\/div>\n<\/div>\n<\/div>\n<aside class=\"mashsb-container mashsb-main mashsb-stretched\">\n<\/aside>\n<p>Auteur: L&rsquo;expert<br \/>\n<a href=\"http:\/\/lexpertjournal.net\/fr\/?p=17218\">Cliquez ici pour lire l&rsquo;article depuis sa source.<\/a><\/p>\n","protected":false},"excerpt":{"rendered":"<p>Embl\u00e8me de la crise sanitaire, le masque est quasiment devenu une norme partout dans le monde. Les entreprises auraient donc tort de ne pas en profiter pour investir dans ce produit d\u2019avenir. C\u2019est dans ce contexte que la multinationale sud-cor\u00e9enne sp\u00e9cialis\u00e9e dans les hautes technologies LG vient de lancer \u00e0 l\u2019\u00e9chelle mondiale son nouveau purificateur [&hellip;]<\/p>\n","protected":false},"author":1775,"featured_media":0,"comment_status":"closed","ping_status":"closed","sticky":false,"template":"","format":"standard","meta":{"fifu_image_url":"","fifu_image_alt":"","footnotes":""},"categories":[78,55],"tags":[],"class_list":["post-104271","post","type-post","status-publish","format-standard","hentry","category-economie","category-tunisie"],"_links":{"self":[{"href":"https:\/\/linitiative.ca\/International\/wp-json\/wp\/v2\/posts\/104271","targetHints":{"allow":["GET"]}}],"collection":[{"href":"https:\/\/linitiative.ca\/International\/wp-json\/wp\/v2\/posts"}],"about":[{"href":"https:\/\/linitiative.ca\/International\/wp-json\/wp\/v2\/types\/post"}],"author":[{"embeddable":true,"href":"https:\/\/linitiative.ca\/International\/wp-json\/wp\/v2\/users\/1775"}],"replies":[{"embeddable":true,"href":"https:\/\/linitiative.ca\/International\/wp-json\/wp\/v2\/comments?post=104271"}],"version-history":[{"count":0,"href":"https:\/\/linitiative.ca\/International\/wp-json\/wp\/v2\/posts\/104271\/revisions"}],"wp:attachment":[{"href":"https:\/\/linitiative.ca\/International\/wp-json\/wp\/v2\/media?parent=104271"}],"wp:term":[{"taxonomy":"category","embeddable":true,"href":"https:\/\/linitiative.ca\/International\/wp-json\/wp\/v2\/categories?post=104271"},{"taxonomy":"post_tag","embeddable":true,"href":"https:\/\/linitiative.ca\/International\/wp-json\/wp\/v2\/tags?post=104271"}],"curies":[{"name":"wp","href":"https:\/\/api.w.org\/{rel}","templated":true}]}}