{"id":104273,"date":"2020-11-10T05:30:00","date_gmt":"2020-11-10T10:30:00","guid":{"rendered":"https:\/\/linitiative.ca\/International\/deces-du-haut-dirigeant-palestinien-saeb-erakat\/"},"modified":"2020-11-10T05:30:00","modified_gmt":"2020-11-10T10:30:00","slug":"deces-du-haut-dirigeant-palestinien-saeb-erakat","status":"publish","type":"post","link":"https:\/\/linitiative.ca\/International\/deces-du-haut-dirigeant-palestinien-saeb-erakat\/","title":{"rendered":"D\u00e9c\u00e8s du haut dirigeant palestinien Sa\u00ebb Erakat"},"content":{"rendered":"<div id=\"originalText\" readability=\"69\">\n<p>Le secr\u00e9taire du\u00a0Comit\u00e9 ex\u00e9cutif de l&rsquo;Organisation de lib\u00e9ration de la Palestine (OLP), Sa\u00ebb\u00a0\u00a0Erekat, est d\u00e9c\u00e9d\u00e9 mardi \u00e0 l&rsquo;\u00e2ge de 65 ans apr\u00e8s avoir contract\u00e9 le nouveau\u00a0\u00a0coronavirus, a indiqu\u00e9 la pr\u00e9sidence palestinienne.\u00a0<\/p>\n<p>\u00ab\u00a0Atteint de fibrose pulmonaire et greff\u00e9 du poumon, Sa\u00ebb Arekat est d\u00e9c\u00e9d\u00e9 il y a peu de temps \u00e0 l&rsquo;h\u00f4pital Hadassah\u00a0\u00bb d&rsquo;El-Qods occup\u00e9e, o\u00f9 il avait\u00a0\u00e9t\u00e9 admis le 18 octobre, a pr\u00e9cis\u00e9 la pr\u00e9sidence palestinienne.\u00a0<\/p>\n<p>Saeb Arekat, l&rsquo;une des personnalit\u00e9s palestiniennes les plus connues \u00e0\u00a0l&rsquo;\u00e9tranger, habitait la ville de Areha en Cisjordanie occup\u00e9e.\u00a0<\/p>\n<p>Il avait particip\u00e9 en tant que n\u00e9gociateur, c\u00f4t\u00e9 palestinien, aux\u00a0pourparlers de paix avec Isra\u00ebl, qui sont dans l&rsquo;impasse depuis des ann\u00e9es.\u00a0<\/p>\n<p>Le pr\u00e9sident palestinien Mahmoud Abbas s&rsquo;est d\u00e9clar\u00e9 attrist\u00e9 par le d\u00e9c\u00e8s\u00a0de son \u00ab\u00a0ami\u00a0\u00bb Sa\u00ebb Arekat, en affirmant que c&rsquo;est une \u00ab\u00a0perte immense\u00a0\u00bb pour\u00a0les Palestiniens.\u00a0<\/p>\n<p>\u00ab\u00a0Le d\u00e9part d&rsquo;un fr\u00e8re et d&rsquo;un ami, du grand combattant, le Dr Sa\u00ebb Arekat,\u00a0\u00a0<br \/>est une grande perte pour la Palestine et pour notre peuple, et nous en\u00a0\u00a0<br \/>sommes\u00a0 profond\u00e9ment attrist\u00e9s\u00a0\u00bb, a d\u00e9clar\u00e9 dans un communiqu\u00e9 M. Abbas, en\u00a0\u00a0annon\u00e7ant un deuil de trois jours pour les Palestiniens.<\/p>\n<p class=\"c6\"><strong>APS<\/strong><br \/>\u00a0<\/p>\n<\/div>\n<div id=\"text_core\" readability=\"69\">\n<p>Le secr\u00e9taire du\u00a0Comit\u00e9 ex\u00e9cutif de l&rsquo;Organisation de lib\u00e9ration de la Palestine (OLP), Sa\u00ebb\u00a0\u00a0Erekat, est d\u00e9c\u00e9d\u00e9 mardi \u00e0 l&rsquo;\u00e2ge de 65 ans apr\u00e8s avoir contract\u00e9 le nouveau\u00a0\u00a0coronavirus, a indiqu\u00e9 la pr\u00e9sidence palestinienne.\u00a0<\/p>\n<p>\u00ab\u00a0Atteint de fibrose pulmonaire et greff\u00e9 du poumon, Sa\u00ebb Arekat est d\u00e9c\u00e9d\u00e9 il y a peu de temps \u00e0 l&rsquo;h\u00f4pital Hadassah\u00a0\u00bb d&rsquo;El-Qods occup\u00e9e, o\u00f9 il avait\u00a0\u00e9t\u00e9 admis le 18 octobre, a pr\u00e9cis\u00e9 la pr\u00e9sidence palestinienne.\u00a0<\/p>\n<p>Saeb Arekat, l&rsquo;une des personnalit\u00e9s palestiniennes les plus connues \u00e0\u00a0l&rsquo;\u00e9tranger, habitait la ville de Areha en Cisjordanie occup\u00e9e.\u00a0<\/p>\n<p>Il avait particip\u00e9 en tant que n\u00e9gociateur, c\u00f4t\u00e9 palestinien, aux\u00a0pourparlers de paix avec Isra\u00ebl, qui sont dans l&rsquo;impasse depuis des ann\u00e9es.\u00a0<\/p>\n<p>Le pr\u00e9sident palestinien Mahmoud Abbas s&rsquo;est d\u00e9clar\u00e9 attrist\u00e9 par le d\u00e9c\u00e8s\u00a0de son \u00ab\u00a0ami\u00a0\u00bb Sa\u00ebb Arekat, en affirmant que c&rsquo;est une \u00ab\u00a0perte immense\u00a0\u00bb pour\u00a0les Palestiniens.\u00a0<\/p>\n<p>\u00ab\u00a0Le d\u00e9part d&rsquo;un fr\u00e8re et d&rsquo;un ami, du grand combattant, le Dr Sa\u00ebb Arekat,\u00a0\u00a0<br \/>est une grande perte pour la Palestine et pour notre peuple, et nous en\u00a0\u00a0<br \/>sommes\u00a0 profond\u00e9ment attrist\u00e9s\u00a0\u00bb, a d\u00e9clar\u00e9 dans un communiqu\u00e9 M. Abbas, en\u00a0\u00a0annon\u00e7ant un deuil de trois jours pour les Palestiniens.<\/p>\n<p class=\"c6\"><strong>APS<\/strong><br \/>\u00a0<\/p>\n<\/div>\n<p>Auteur:<br \/>\n<a href=\"https:\/\/www.liberte-algerie.com\/international\/deces-du-haut-dirigeant-palestinien-saeb-erakat-348769\">Cliquez ici pour lire l&rsquo;article depuis sa source.<\/a><\/p>\n","protected":false},"excerpt":{"rendered":"<p>Le secr\u00e9taire du\u00a0Comit\u00e9 ex\u00e9cutif de l&rsquo;Organisation de lib\u00e9ration de la Palestine (OLP), Sa\u00ebb\u00a0\u00a0Erekat, est d\u00e9c\u00e9d\u00e9 mardi \u00e0 l&rsquo;\u00e2ge de 65 ans apr\u00e8s avoir contract\u00e9 le nouveau\u00a0\u00a0coronavirus, a indiqu\u00e9 la pr\u00e9sidence palestinienne.\u00a0 \u00ab\u00a0Atteint de fibrose pulmonaire et greff\u00e9 du poumon, Sa\u00ebb Arekat est d\u00e9c\u00e9d\u00e9 il y a peu de temps \u00e0 l&rsquo;h\u00f4pital Hadassah\u00a0\u00bb d&rsquo;El-Qods occup\u00e9e, o\u00f9 [&hellip;]<\/p>\n","protected":false},"author":1742,"featured_media":0,"comment_status":"closed","ping_status":"closed","sticky":false,"template":"","format":"standard","meta":{"fifu_image_url":"","fifu_image_alt":"","footnotes":""},"categories":[73,53],"tags":[],"class_list":["post-104273","post","type-post","status-publish","format-standard","hentry","category-actualite","category-algerie"],"_links":{"self":[{"href":"https:\/\/linitiative.ca\/International\/wp-json\/wp\/v2\/posts\/104273","targetHints":{"allow":["GET"]}}],"collection":[{"href":"https:\/\/linitiative.ca\/International\/wp-json\/wp\/v2\/posts"}],"about":[{"href":"https:\/\/linitiative.ca\/International\/wp-json\/wp\/v2\/types\/post"}],"author":[{"embeddable":true,"href":"https:\/\/linitiative.ca\/International\/wp-json\/wp\/v2\/users\/1742"}],"replies":[{"embeddable":true,"href":"https:\/\/linitiative.ca\/International\/wp-json\/wp\/v2\/comments?post=104273"}],"version-history":[{"count":0,"href":"https:\/\/linitiative.ca\/International\/wp-json\/wp\/v2\/posts\/104273\/revisions"}],"wp:attachment":[{"href":"https:\/\/linitiative.ca\/International\/wp-json\/wp\/v2\/media?parent=104273"}],"wp:term":[{"taxonomy":"category","embeddable":true,"href":"https:\/\/linitiative.ca\/International\/wp-json\/wp\/v2\/categories?post=104273"},{"taxonomy":"post_tag","embeddable":true,"href":"https:\/\/linitiative.ca\/International\/wp-json\/wp\/v2\/tags?post=104273"}],"curies":[{"name":"wp","href":"https:\/\/api.w.org\/{rel}","templated":true}]}}