{"id":104275,"date":"2020-11-10T09:25:00","date_gmt":"2020-11-10T14:25:00","guid":{"rendered":"https:\/\/linitiative.ca\/International\/la-priere-du-vendredi-gelee-a-la-grande-mosquee-dalger\/"},"modified":"2020-11-10T09:25:00","modified_gmt":"2020-11-10T14:25:00","slug":"la-priere-du-vendredi-gelee-a-la-grande-mosquee-dalger","status":"publish","type":"post","link":"https:\/\/linitiative.ca\/International\/la-priere-du-vendredi-gelee-a-la-grande-mosquee-dalger\/","title":{"rendered":"La pri\u00e8re du vendredi gel\u00e9e \u00e0 la Grande mosqu\u00e9e d\u2019Alger"},"content":{"rendered":"<div id=\"originalText\" readability=\"51\">\n<p>Le ministre des affaires religieuses, Youcef\u00a0 Benmehdi, a d\u00e9cid\u00e9 de geler la pri\u00e8re hebdomadaire \u00e0 la Grande mosqu\u00e9e d\u2019Alger, \u00e0 partir de ce vendredi 13 novembre 2020,\u00a0 a fait savoir, ce mardi, le d\u00e9partement des wakfs, dans un communiqu\u00e9 rendu public.<\/p>\n<p>Motif\u00a0: la commission intersectorielle pr\u00e9sid\u00e9e par Youcef\u00a0 Benmehdi, et r\u00e9unie hier sur instruction du Premier ministre, a \u00e9mis des r\u00e9serves sur le respect du protocole sanitaire, apr\u00e8s avoir constat\u00e9 des \u00ab\u00a0d\u00e9passements\u00a0\u00bb lors de la pri\u00e8re collective du vendredi dernier, \u00e9tant donn\u00e9 le grand monde qui\u00a0 avait investi la fastidieuse b\u00e2tisse, fra\u00eechement inaugur\u00e9e.<\/p>\n<p class=\"c6\"><strong>R\u00e9daction Web<\/strong><\/p>\n<\/div>\n<div id=\"text_core\" readability=\"51\">\n<p>Le ministre des affaires religieuses, Youcef\u00a0 Benmehdi, a d\u00e9cid\u00e9 de geler la pri\u00e8re hebdomadaire \u00e0 la Grande mosqu\u00e9e d\u2019Alger, \u00e0 partir de ce vendredi 13 novembre 2020,\u00a0 a fait savoir, ce mardi, le d\u00e9partement des wakfs, dans un communiqu\u00e9 rendu public.<\/p>\n<p>Motif\u00a0: la commission intersectorielle pr\u00e9sid\u00e9e par Youcef\u00a0 Benmehdi, et r\u00e9unie hier sur instruction du Premier ministre, a \u00e9mis des r\u00e9serves sur le respect du protocole sanitaire, apr\u00e8s avoir constat\u00e9 des \u00ab\u00a0d\u00e9passements\u00a0\u00bb lors de la pri\u00e8re collective du vendredi dernier, \u00e9tant donn\u00e9 le grand monde qui\u00a0 avait investi la fastidieuse b\u00e2tisse, fra\u00eechement inaugur\u00e9e.<\/p>\n<p class=\"c6\"><strong>R\u00e9daction Web<\/strong><\/p>\n<\/div>\n<p>Auteur:<br \/>\n<a href=\"https:\/\/www.liberte-algerie.com\/actualite\/la-priere-du-vendredi-gelee-a-la-grande-mosquee-dalger-348771\">Cliquez ici pour lire l&rsquo;article depuis sa source.<\/a><\/p>\n","protected":false},"excerpt":{"rendered":"<p>Le ministre des affaires religieuses, Youcef\u00a0 Benmehdi, a d\u00e9cid\u00e9 de geler la pri\u00e8re hebdomadaire \u00e0 la Grande mosqu\u00e9e d\u2019Alger, \u00e0 partir de ce vendredi 13 novembre 2020,\u00a0 a fait savoir, ce mardi, le d\u00e9partement des wakfs, dans un communiqu\u00e9 rendu public. Motif\u00a0: la commission intersectorielle pr\u00e9sid\u00e9e par Youcef\u00a0 Benmehdi, et r\u00e9unie hier sur instruction du [&hellip;]<\/p>\n","protected":false},"author":1742,"featured_media":0,"comment_status":"closed","ping_status":"closed","sticky":false,"template":"","format":"standard","meta":{"fifu_image_url":"","fifu_image_alt":"","footnotes":""},"categories":[73,53],"tags":[],"class_list":["post-104275","post","type-post","status-publish","format-standard","hentry","category-actualite","category-algerie"],"_links":{"self":[{"href":"https:\/\/linitiative.ca\/International\/wp-json\/wp\/v2\/posts\/104275","targetHints":{"allow":["GET"]}}],"collection":[{"href":"https:\/\/linitiative.ca\/International\/wp-json\/wp\/v2\/posts"}],"about":[{"href":"https:\/\/linitiative.ca\/International\/wp-json\/wp\/v2\/types\/post"}],"author":[{"embeddable":true,"href":"https:\/\/linitiative.ca\/International\/wp-json\/wp\/v2\/users\/1742"}],"replies":[{"embeddable":true,"href":"https:\/\/linitiative.ca\/International\/wp-json\/wp\/v2\/comments?post=104275"}],"version-history":[{"count":0,"href":"https:\/\/linitiative.ca\/International\/wp-json\/wp\/v2\/posts\/104275\/revisions"}],"wp:attachment":[{"href":"https:\/\/linitiative.ca\/International\/wp-json\/wp\/v2\/media?parent=104275"}],"wp:term":[{"taxonomy":"category","embeddable":true,"href":"https:\/\/linitiative.ca\/International\/wp-json\/wp\/v2\/categories?post=104275"},{"taxonomy":"post_tag","embeddable":true,"href":"https:\/\/linitiative.ca\/International\/wp-json\/wp\/v2\/tags?post=104275"}],"curies":[{"name":"wp","href":"https:\/\/api.w.org\/{rel}","templated":true}]}}