{"id":104277,"date":"2020-11-10T07:59:11","date_gmt":"2020-11-10T12:59:11","guid":{"rendered":"https:\/\/linitiative.ca\/International\/le-conseil-provincial-adopte-le-budget-2021\/"},"modified":"2020-11-10T07:59:11","modified_gmt":"2020-11-10T12:59:11","slug":"le-conseil-provincial-adopte-le-budget-2021","status":"publish","type":"post","link":"https:\/\/linitiative.ca\/International\/le-conseil-provincial-adopte-le-budget-2021\/","title":{"rendered":"Le Conseil provincial adopte le budget 2021"},"content":{"rendered":"<div class=\"single-featured\"><img alt=\"\" data-src=\"http:\/\/www.mapmarrakech.ma\/map\/uploads\/2020\/11\/conseil-prov-safi-nov.jpg\"\/><\/div>\n<div class=\"single-post-excerpt post-excerpt-bc\" readability=\"35\">\n<p>Safi- Le Conseil provincial de Safi, r\u00e9uni lundi en session extraordinaire, a approuv\u00e9 \u00e0 l\u2019unanimit\u00e9 le projet de budget au titre de l\u2019exercice 2021.<\/p>\n<\/div>\n<div class=\"entry-content clearfix single-post-content\" readability=\"60\">\n<p>Au cours de cette session, tenue en pr\u00e9sence du pr\u00e9sident du conseil, M. Abdellah Karim, et du gouverneur de la province, M. Lahoucine Chaynane, l\u2019instance \u00e9lue a ainsi examin\u00e9 et approuv\u00e9 le budget, qui s\u2019\u00e9l\u00e8ve \u00e0 42.300.000 dirhams.<\/p>\n<p>Dans ce sens, les membres du Conseil ont propos\u00e9 d\u2019inscrire un point unique \u00e0 l\u2019ordre du jour de cette session, \u00e0 savoir le transfert des cr\u00e9dits de la deuxi\u00e8me tranche du budget pour financer les travaux de renforcement de l\u2019\u00e9clairage public.<\/p>\n<p>A cette occasion, M. Karim a soulign\u00e9 l\u2019imp\u00e9ratif de rationaliser les d\u00e9penses, tout en mettant en place des m\u00e9canismes efficaces pour mobiliser d\u2019autres recettes dans un contexte particulier marqu\u00e9 par la crise sanitaire induite par la pand\u00e9mie de la Covid- 19.<\/p>\n<p>Dans cette conjoncture exceptionnelle, le conseil provincial fait face \u00e0 un \u00ab\u00a0grand d\u00e9fi\u00a0\u00bb pour am\u00e9liorer les conditions socio\u00e9conomiques de la population locale, a relev\u00e9 le pr\u00e9sident du Conseil, appelant tous les acteurs concern\u00e9s \u00e0 f\u00e9d\u00e9rer leurs efforts pour assurer la r\u00e9ussite des projets de d\u00e9veloppement initi\u00e9s \u00e0 l\u2019\u00e9chelle provinciale.<\/p>\n<\/div>\n<p>Auteur: Mohammed KOURSI<br \/>\n<a href=\"http:\/\/www.mapmarrakech.ma\/fr\/le-conseil-provincial-adopte-le-budget-2021\/\">Cliquez ici pour lire l&rsquo;article depuis sa source.<\/a><\/p>\n","protected":false},"excerpt":{"rendered":"<p>Safi- Le Conseil provincial de Safi, r\u00e9uni lundi en session extraordinaire, a approuv\u00e9 \u00e0 l\u2019unanimit\u00e9 le projet de budget au titre de l\u2019exercice 2021. Au cours de cette session, tenue en pr\u00e9sence du pr\u00e9sident du conseil, M. Abdellah Karim, et du gouverneur de la province, M. Lahoucine Chaynane, l\u2019instance \u00e9lue a ainsi examin\u00e9 et approuv\u00e9 [&hellip;]<\/p>\n","protected":false},"author":1788,"featured_media":104278,"comment_status":"closed","ping_status":"closed","sticky":false,"template":"","format":"standard","meta":{"fifu_image_url":"","fifu_image_alt":"","footnotes":""},"categories":[54,76],"tags":[],"class_list":["post-104277","post","type-post","status-publish","format-standard","has-post-thumbnail","hentry","category-maroc","category-regions"],"_links":{"self":[{"href":"https:\/\/linitiative.ca\/International\/wp-json\/wp\/v2\/posts\/104277","targetHints":{"allow":["GET"]}}],"collection":[{"href":"https:\/\/linitiative.ca\/International\/wp-json\/wp\/v2\/posts"}],"about":[{"href":"https:\/\/linitiative.ca\/International\/wp-json\/wp\/v2\/types\/post"}],"author":[{"embeddable":true,"href":"https:\/\/linitiative.ca\/International\/wp-json\/wp\/v2\/users\/1788"}],"replies":[{"embeddable":true,"href":"https:\/\/linitiative.ca\/International\/wp-json\/wp\/v2\/comments?post=104277"}],"version-history":[{"count":0,"href":"https:\/\/linitiative.ca\/International\/wp-json\/wp\/v2\/posts\/104277\/revisions"}],"wp:featuredmedia":[{"embeddable":true,"href":"https:\/\/linitiative.ca\/International\/wp-json\/"}],"wp:attachment":[{"href":"https:\/\/linitiative.ca\/International\/wp-json\/wp\/v2\/media?parent=104277"}],"wp:term":[{"taxonomy":"category","embeddable":true,"href":"https:\/\/linitiative.ca\/International\/wp-json\/wp\/v2\/categories?post=104277"},{"taxonomy":"post_tag","embeddable":true,"href":"https:\/\/linitiative.ca\/International\/wp-json\/wp\/v2\/tags?post=104277"}],"curies":[{"name":"wp","href":"https:\/\/api.w.org\/{rel}","templated":true}]}}