{"id":104279,"date":"2020-11-10T08:06:32","date_gmt":"2020-11-10T13:06:32","guid":{"rendered":"https:\/\/linitiative.ca\/International\/suivi-du-deroulement-des-cours-dans-lecole-communautaire-de-rahala\/"},"modified":"2020-11-10T08:06:32","modified_gmt":"2020-11-10T13:06:32","slug":"suivi-du-deroulement-des-cours-dans-lecole-communautaire-de-rahala","status":"publish","type":"post","link":"https:\/\/linitiative.ca\/International\/suivi-du-deroulement-des-cours-dans-lecole-communautaire-de-rahala\/","title":{"rendered":"Suivi du d\u00e9roulement des cours dans l\u2019\u00e9cole communautaire de Rahala"},"content":{"rendered":"<div readability=\"38\">\n<p>Chichaoua- Les autorit\u00e9s provinciales de Chichaoua, dans le cadre de l\u2019int\u00e9r\u00eat accord\u00e9 \u00e0 la question de l\u2019\u00e9ducation et de la formation, ne cessent d\u2019assurer un suivi permanent du d\u00e9roulement des cours au sein des \u00e9tablissements scolaires, ainsi que du respect du protocole sanitaire mis en place pour enrayer la propagation de la pand\u00e9mie du coronavirus en milieu scolaire.<\/p>\n<\/div>\n<div readability=\"89\">\n<p>Ainsi, le gouverneur de la province de\u00a0Chichaoua, Bouabid El Guerrab, a effectu\u00e9 une visite de terrain \u00e0 l\u2019\u00e9cole communautaire de Rahala et ce, dans le cadre du suivi de l\u2019op\u00e9ration \u00e9ducative dans les \u00e9tablissements scolaires au niveau provincial.<\/p>\n<p>M. El Guerrab, accompagn\u00e9 des directeurs provinciaux de l\u2019Education nationale et des Eaux et For\u00eats, respectivement Abderrahmane El Goumri et Fouad Lakrati, s\u2019est ainsi enquis du d\u00e9roulement des cours dans cet \u00e9tablissement scolaire, des conditions de travail des cadres p\u00e9dagogiques et du respect des mesures sanitaires en vigueur pour la pr\u00e9vention de la Covid-19.<\/p>\n<p>A noter que les \u00e9coles communautaires dans la province de\u00a0Chichaoua\u00a0occupent une place importante dans le syst\u00e8me \u00e9ducatif \u00e0 l\u2019\u00e9chelle provinciale, au vu de leur forte contribution \u00e0 la promotion de la scolarisation en milieu rural et \u00e0 la r\u00e9duction du taux de d\u00e9perdition scolaire, notamment parmi les filles.<\/p>\n<p>En marge de cette visite, M. El Goumri a soulign\u00e9, dans une d\u00e9claration \u00e0 la MAP, que cet \u00e9tablissement repr\u00e9sente la premi\u00e8re \u00e9cole communautaire du cycle primaire dans la province, r\u00e9alis\u00e9e pour un investissement de 11,270 millions de DH.<\/p>\n<p>Cette \u00e9cole communautaire, dont la construction est conforme aux normes et \u00e0 l\u2019architecture modernes, se veut un projet int\u00e9gr\u00e9 qui comprend des salles de classe, un internat d\u2019une capacit\u00e9 d\u2019accueil de 120 lits, une cantine, une salle multim\u00e9dias et des logements de fonction pour les cadres p\u00e9dagogiques et administratifs, a-t-il ajout\u00e9.<\/p>\n<p>Par ailleurs, le gouverneur de la province a appel\u00e9 les services des Eaux et For\u00eats \u00e0 accorder une grande attention \u00e0 la dimension \u00e9cologique dans cette \u00e9cole pilote, \u00e0 travers l\u2019\u00e9laboration d\u2019une vision pr\u00e9liminaire relative \u00e0 son jardinage, surtout que l\u2019aspect environnemental repr\u00e9sente l\u2019un des piliers des programmes d\u2019enseignement adopt\u00e9s.<\/p>\n<p>A ce propos, M. Lakrati a fait part de la disposition de la direction provinciale des Eaux et For\u00eats de coop\u00e9rer avec la direction provinciale de l\u2019Education nationale pour le renforcement de cette dimension dans tous les \u00e9tablissements scolaires, notamment dans l\u2019\u00e9cole communautaire de Rahala.<\/p>\n<\/div>\n<p>Auteur: Mohammed KOURSI<br \/>\n<a href=\"http:\/\/www.mapmarrakech.ma\/fr\/suivi-du-deroulement-des-cours-dans-lecole-communautaire-de-rahala\/\">Cliquez ici pour lire l&rsquo;article depuis sa source.<\/a><\/p>\n","protected":false},"excerpt":{"rendered":"<p>Chichaoua- Les autorit\u00e9s provinciales de Chichaoua, dans le cadre de l\u2019int\u00e9r\u00eat accord\u00e9 \u00e0 la question de l\u2019\u00e9ducation et de la formation, ne cessent d\u2019assurer un suivi permanent du d\u00e9roulement des cours au sein des \u00e9tablissements scolaires, ainsi que du respect du protocole sanitaire mis en place pour enrayer la propagation de la pand\u00e9mie du coronavirus [&hellip;]<\/p>\n","protected":false},"author":1788,"featured_media":0,"comment_status":"closed","ping_status":"closed","sticky":false,"template":"","format":"standard","meta":{"fifu_image_url":"","fifu_image_alt":"","footnotes":""},"categories":[54,76],"tags":[],"class_list":["post-104279","post","type-post","status-publish","format-standard","hentry","category-maroc","category-regions"],"_links":{"self":[{"href":"https:\/\/linitiative.ca\/International\/wp-json\/wp\/v2\/posts\/104279","targetHints":{"allow":["GET"]}}],"collection":[{"href":"https:\/\/linitiative.ca\/International\/wp-json\/wp\/v2\/posts"}],"about":[{"href":"https:\/\/linitiative.ca\/International\/wp-json\/wp\/v2\/types\/post"}],"author":[{"embeddable":true,"href":"https:\/\/linitiative.ca\/International\/wp-json\/wp\/v2\/users\/1788"}],"replies":[{"embeddable":true,"href":"https:\/\/linitiative.ca\/International\/wp-json\/wp\/v2\/comments?post=104279"}],"version-history":[{"count":0,"href":"https:\/\/linitiative.ca\/International\/wp-json\/wp\/v2\/posts\/104279\/revisions"}],"wp:attachment":[{"href":"https:\/\/linitiative.ca\/International\/wp-json\/wp\/v2\/media?parent=104279"}],"wp:term":[{"taxonomy":"category","embeddable":true,"href":"https:\/\/linitiative.ca\/International\/wp-json\/wp\/v2\/categories?post=104279"},{"taxonomy":"post_tag","embeddable":true,"href":"https:\/\/linitiative.ca\/International\/wp-json\/wp\/v2\/tags?post=104279"}],"curies":[{"name":"wp","href":"https:\/\/api.w.org\/{rel}","templated":true}]}}