{"id":104280,"date":"2020-11-10T11:33:56","date_gmt":"2020-11-10T16:33:56","guid":{"rendered":"https:\/\/linitiative.ca\/International\/la-famille-de-lenseignement-celebre-la-glorieuse-marche-verte\/"},"modified":"2020-11-10T11:33:56","modified_gmt":"2020-11-10T16:33:56","slug":"la-famille-de-lenseignement-celebre-la-glorieuse-marche-verte","status":"publish","type":"post","link":"https:\/\/linitiative.ca\/International\/la-famille-de-lenseignement-celebre-la-glorieuse-marche-verte\/","title":{"rendered":"La famille de l\u2019enseignement c\u00e9l\u00e8bre la glorieuse Marche Verte"},"content":{"rendered":"<div readability=\"36\">\n<p>Essaouira- La famille de l\u2019enseignement dans la province d\u2019Essaouira a c\u00e9l\u00e9br\u00e9 le 45\u00e8me anniversaire de la glorieuse Marche Verte, \u00e0 travers l\u2019organisation d\u2019une panoplie d\u2019activit\u00e9s culturelles et artistiques comm\u00e9morant cette \u00e9tape saillante dans le processus de parach\u00e8vement de l\u2019int\u00e9grit\u00e9 territoriale du Royaume.<\/p>\n<\/div>\n<div readability=\"81\">\n<p>Figuraient au programme de ces activit\u00e9s, qui se sont d\u00e9roul\u00e9es dans le strict respect des mesures pr\u00e9ventives et du protocole sanitaire en vigueur en vue d\u2019endiguer la propagation de la Covid-19, la projection de films documentaires sur la Marche Verte, l\u2019interpr\u00e9tation de chansons patriotiques, l\u2019organisation de spectacles et de concours artistiques et culturels au profit des apprenants, ainsi que la pr\u00e9sentation de pi\u00e8ces th\u00e9\u00e2trales autour de cet \u00e9v\u00e9nement majeur de l\u2019Histoire du Royaume.<\/p>\n<p>Dans une d\u00e9claration \u00e0 la MAP \u00e0 cette occasion, le directeur provincial du minist\u00e8re de l\u2019Education nationale, Nouredine El Aoufi Laghzaoui, a mis en avant l\u2019importance que repr\u00e9sente la c\u00e9l\u00e9bration de la glorieuse Marche Verte, un \u00e9v\u00e9nement ayant une place tr\u00e8s particuli\u00e8re dans les c\u0153urs de tous les Marocains et toujours f\u00eat\u00e9 avec beaucoup d\u2019\u00e9motion et de fiert\u00e9 par les diff\u00e9rentes composantes du syst\u00e8me \u00e9ducatif dans la province.<\/p>\n<p>A l\u2019occasion du 45\u00e8me anniversaire de cette \u00e9pop\u00e9e, de riches activit\u00e9s ont \u00e9t\u00e9 ainsi pr\u00e9vues afin de faire inculquer aux g\u00e9n\u00e9rations montantes les valeurs et la d\u00e9termination qui ont pr\u00e9sid\u00e9 \u00e0 la Marche Verte, ainsi que les significations profondes de cet \u00e9v\u00e9nement historique et unique en son genre, qui a permis au Royaume la r\u00e9cup\u00e9ration de ses provinces du sud, a-t-il not\u00e9.<\/p>\n<p>Ces innombrables activit\u00e9s ont \u00e9t\u00e9 aussi l\u2019opportunit\u00e9 idoine pour ces jeunes en herbe de prendre connaissance des \u00e9normes sacrifices consentis par les participants \u00e0 cette \u00e9pop\u00e9e et d\u2019instiller en eux l\u2019amour et l\u2019attachement \u00e0 la Patrie et aux sacralit\u00e9s du Royaume, a poursuivi M. Laghzaoui.<\/p>\n<p>A cet effet, a pr\u00e9cis\u00e9 le responsable, les corps administratif et enseignant se sont mobilis\u00e9s aux c\u00f4t\u00e9s des \u00e9l\u00e8ves pour concocter un programme d\u2019activit\u00e9s riche et vari\u00e9, d\u00e9di\u00e9 \u00e0 la c\u00e9l\u00e9bration de cette grande \u0153uvre civilisationnelle et pacifique qui t\u00e9moigne de l\u2019ing\u00e9niosit\u00e9 de Feu Sa Majest\u00e9 Hassan II.<\/p>\n<p>Les diverses activit\u00e9s d\u00e9di\u00e9es \u00e0 cette heureuse et ch\u00e8re occasion, qui ont eu lieu dans une ambiance et un esprit patriotiques, ont connu une forte adh\u00e9sion de la part de l\u2019ensemble des cadres administratifs et p\u00e9dagogiques en vue de consacrer chez les apprenants (filles et gar\u00e7ons) les valeurs de citoyennet\u00e9 agissante, les principes supr\u00eames et les constantes du Royaume, a-t-il conclu.<\/p>\n<\/div>\n<p>Auteur: Mohammed KOURSI<br \/>\n<a href=\"http:\/\/www.mapmarrakech.ma\/fr\/la-famille-de-lenseignement-celebre-la-glorieuse-marche-verte\/\">Cliquez ici pour lire l&rsquo;article depuis sa source.<\/a><\/p>\n","protected":false},"excerpt":{"rendered":"<p>Essaouira- La famille de l\u2019enseignement dans la province d\u2019Essaouira a c\u00e9l\u00e9br\u00e9 le 45\u00e8me anniversaire de la glorieuse Marche Verte, \u00e0 travers l\u2019organisation d\u2019une panoplie d\u2019activit\u00e9s culturelles et artistiques comm\u00e9morant cette \u00e9tape saillante dans le processus de parach\u00e8vement de l\u2019int\u00e9grit\u00e9 territoriale du Royaume. Figuraient au programme de ces activit\u00e9s, qui se sont d\u00e9roul\u00e9es dans le strict [&hellip;]<\/p>\n","protected":false},"author":1788,"featured_media":0,"comment_status":"closed","ping_status":"closed","sticky":false,"template":"","format":"standard","meta":{"fifu_image_url":"","fifu_image_alt":"","footnotes":""},"categories":[54,76],"tags":[],"class_list":["post-104280","post","type-post","status-publish","format-standard","hentry","category-maroc","category-regions"],"_links":{"self":[{"href":"https:\/\/linitiative.ca\/International\/wp-json\/wp\/v2\/posts\/104280","targetHints":{"allow":["GET"]}}],"collection":[{"href":"https:\/\/linitiative.ca\/International\/wp-json\/wp\/v2\/posts"}],"about":[{"href":"https:\/\/linitiative.ca\/International\/wp-json\/wp\/v2\/types\/post"}],"author":[{"embeddable":true,"href":"https:\/\/linitiative.ca\/International\/wp-json\/wp\/v2\/users\/1788"}],"replies":[{"embeddable":true,"href":"https:\/\/linitiative.ca\/International\/wp-json\/wp\/v2\/comments?post=104280"}],"version-history":[{"count":0,"href":"https:\/\/linitiative.ca\/International\/wp-json\/wp\/v2\/posts\/104280\/revisions"}],"wp:attachment":[{"href":"https:\/\/linitiative.ca\/International\/wp-json\/wp\/v2\/media?parent=104280"}],"wp:term":[{"taxonomy":"category","embeddable":true,"href":"https:\/\/linitiative.ca\/International\/wp-json\/wp\/v2\/categories?post=104280"},{"taxonomy":"post_tag","embeddable":true,"href":"https:\/\/linitiative.ca\/International\/wp-json\/wp\/v2\/tags?post=104280"}],"curies":[{"name":"wp","href":"https:\/\/api.w.org\/{rel}","templated":true}]}}