{"id":104281,"date":"2020-11-10T12:32:13","date_gmt":"2020-11-10T17:32:13","guid":{"rendered":"https:\/\/linitiative.ca\/International\/les-relations-americano-marocaines-sous-le-signe-de-la-continuite\/"},"modified":"2020-11-10T12:32:13","modified_gmt":"2020-11-10T17:32:13","slug":"les-relations-americano-marocaines-sous-le-signe-de-la-continuite","status":"publish","type":"post","link":"https:\/\/linitiative.ca\/International\/les-relations-americano-marocaines-sous-le-signe-de-la-continuite\/","title":{"rendered":"Les relations am\u00e9ricano-marocaines sous le signe de la continuit\u00e9"},"content":{"rendered":"<div readability=\"37\">\n<p>Marrakech- La victoire du d\u00e9mocrate Joe Biden aux \u00e9lections pr\u00e9sidentielles am\u00e9ricaines devrait sceller davantage les relations entre le Maroc et les Etats-Unis sous le signe de la continuit\u00e9, a soulign\u00e9 M. Abdelfattah El Belamachi, professeur de Droit international et des relations internationales \u00e0 l\u2019Universit\u00e9 Cadi Ayyad (UCA) de Marrakech.<\/p>\n<\/div>\n<div readability=\"92\">\n<p>\u00ab\u00a0Le Maroc, premier pays \u00e0 avoir reconnu l\u2019ind\u00e9pendance des Etats-Unis, a toujours entretenu des relations particuli\u00e8res avec ce pays, marqu\u00e9es par un dialogue r\u00e9gulier, une coop\u00e9ration \u00e9conomique exemplaire et une convergence de vues sur plusieurs questions d\u2019int\u00e9r\u00eat commun\u00a0\u00bb, s\u2019est f\u00e9licit\u00e9 M. El Belamachi dans une d\u00e9claration \u00e0 la MAP en r\u00e9action au scrutin pr\u00e9sidentiel am\u00e9ricain.<\/p>\n<p>Le chercheur a estim\u00e9, par ailleurs, que la future administration am\u00e9ricaine du d\u00e9mocrate Joe Biden va favoriser le dispositif de r\u00e9solution l\u00e9gal des conflits, rappelant dans ce cadre que les Etats-Unis n\u2019ont jamais cess\u00e9 de qualifier de \u00ab\u00a0s\u00e9rieuse\u00a0\u00bb, \u00ab\u00a0cr\u00e9dible\u00a0\u00bb et \u00ab\u00a0r\u00e9aliste\u00a0\u00bb l\u2019initiative marocaine d\u2019autonomie pour le r\u00e8glement du diff\u00e9rend sur le Sahara marocain.<\/p>\n<p>Sur le plan multilat\u00e9ral, M. El Belamachi, \u00e9galement pr\u00e9sident du Centre Marocain de la Diplomatie Parall\u00e8le et du Dialogue des Civilisations, a affirm\u00e9 que \u00ab\u00a0toute administration am\u00e9ricaine ne peut ignorer l\u2019importance strat\u00e9gique du Maroc dans sa politique africaine\u00a0\u00bb, alors que les relations bilat\u00e9rales ont atteint un niveau exceptionnel de coop\u00e9ration au niveau international, se caract\u00e9risant par la convergence des points de vue sur des questions d\u2019int\u00e9r\u00eat commun.<\/p>\n<p>En ce qui concerne les relations \u00e9conomiques et commerciales entre Rabat et Washington, cet analyste n\u2019a pas manqu\u00e9 de relever que la continuit\u00e9 sera le mot d\u2019ordre, \u00e9tant donn\u00e9 que les deux pays sont li\u00e9s par plusieurs accords de coop\u00e9ration, notamment l\u2019Accord de libre-\u00e9change sign\u00e9 en 2004 et entr\u00e9 en vigueur en 2006.<\/p>\n<p>De l\u2019avis de M. El Belamachi, la nouvelle administration Biden va op\u00e9rer quelques changements dans sa politique \u00e9trang\u00e8re en r\u00e9affirmant davantage l\u2019engagement de son pays en faveur du multilat\u00e9ralisme, du droit international et du principe de r\u00e8glement pacifique des conflits.<\/p>\n<p>Ainsi, l\u2019administration Biden, a encha\u00een\u00e9 l\u2019analyste, privil\u00e9gierait la recherche du consensus \u00e0 la confrontation dans ses relations avec plusieurs pays, notamment la Chine contre laquelle, le pr\u00e9sident sortant Donald Trump avait lanc\u00e9 une guerre \u00e9conomique, tout en l\u2019accusant d\u2019\u00eatre \u00e0 l\u2019origine de la propagation de la pand\u00e9mie du nouveau coronavirus (Covid-19).<\/p>\n<p>\u00ab\u00a0Nous pouvons donc nous attendre \u00e0 un monde nouveau avec un leadership continu des \u00c9tats-Unis en tant que premi\u00e8re puissance \u00e9conomique du monde, et un retour en force du multilat\u00e9ralisme et du respect des institutions internationales, notamment les Nations Unies\u00a0\u00bb, a-t-il dit en guise de conclusion.<\/p>\n<\/div>\n<p>Auteur: Mohammed KOURSI<br \/>\n<a href=\"http:\/\/www.mapmarrakech.ma\/fr\/presidentielles-us-les-relations-americano-marocaines-sous-le-signe-de-la-continuite\/\">Cliquez ici pour lire l&rsquo;article depuis sa source.<\/a><\/p>\n","protected":false},"excerpt":{"rendered":"<p>Marrakech- La victoire du d\u00e9mocrate Joe Biden aux \u00e9lections pr\u00e9sidentielles am\u00e9ricaines devrait sceller davantage les relations entre le Maroc et les Etats-Unis sous le signe de la continuit\u00e9, a soulign\u00e9 M. Abdelfattah El Belamachi, professeur de Droit international et des relations internationales \u00e0 l\u2019Universit\u00e9 Cadi Ayyad (UCA) de Marrakech. \u00ab\u00a0Le Maroc, premier pays \u00e0 avoir [&hellip;]<\/p>\n","protected":false},"author":1788,"featured_media":0,"comment_status":"closed","ping_status":"closed","sticky":false,"template":"","format":"standard","meta":{"fifu_image_url":"","fifu_image_alt":"","footnotes":""},"categories":[54,76],"tags":[],"class_list":["post-104281","post","type-post","status-publish","format-standard","hentry","category-maroc","category-regions"],"_links":{"self":[{"href":"https:\/\/linitiative.ca\/International\/wp-json\/wp\/v2\/posts\/104281","targetHints":{"allow":["GET"]}}],"collection":[{"href":"https:\/\/linitiative.ca\/International\/wp-json\/wp\/v2\/posts"}],"about":[{"href":"https:\/\/linitiative.ca\/International\/wp-json\/wp\/v2\/types\/post"}],"author":[{"embeddable":true,"href":"https:\/\/linitiative.ca\/International\/wp-json\/wp\/v2\/users\/1788"}],"replies":[{"embeddable":true,"href":"https:\/\/linitiative.ca\/International\/wp-json\/wp\/v2\/comments?post=104281"}],"version-history":[{"count":0,"href":"https:\/\/linitiative.ca\/International\/wp-json\/wp\/v2\/posts\/104281\/revisions"}],"wp:attachment":[{"href":"https:\/\/linitiative.ca\/International\/wp-json\/wp\/v2\/media?parent=104281"}],"wp:term":[{"taxonomy":"category","embeddable":true,"href":"https:\/\/linitiative.ca\/International\/wp-json\/wp\/v2\/categories?post=104281"},{"taxonomy":"post_tag","embeddable":true,"href":"https:\/\/linitiative.ca\/International\/wp-json\/wp\/v2\/tags?post=104281"}],"curies":[{"name":"wp","href":"https:\/\/api.w.org\/{rel}","templated":true}]}}