{"id":104284,"date":"2020-11-10T11:44:48","date_gmt":"2020-11-10T16:44:48","guid":{"rendered":"https:\/\/linitiative.ca\/International\/covid-19-dans-loriental-precisions-de-la-drs-sur-les-cas-de-deces\/"},"modified":"2020-11-10T11:44:48","modified_gmt":"2020-11-10T16:44:48","slug":"covid-19-dans-loriental-precisions-de-la-drs-sur-les-cas-de-deces","status":"publish","type":"post","link":"https:\/\/linitiative.ca\/International\/covid-19-dans-loriental-precisions-de-la-drs-sur-les-cas-de-deces\/","title":{"rendered":"Covid-19 dans l\u2019Oriental : pr\u00e9cisions de la DRS sur les cas de d\u00e9c\u00e8s"},"content":{"rendered":"<p class=\"c4\">Suite aux informations v\u00e9hicul\u00e9es sur des r\u00e9seaux sociaux concernant le d\u00e9veloppement de la situation \u00e9pid\u00e9miologique li\u00e9e \u00e0 la Covid-19 dans la r\u00e9gion de l\u2019Oriental, plus particuli\u00e8rement la hausse des cas de d\u00e9c\u00e8s parmi les personnes infect\u00e9es, la Direction r\u00e9gionale de la Sant\u00e9 de l\u2019Oriental apporte dans un communiqu\u00e9 les pr\u00e9cisions suivantes:<\/p>\n<p class=\"c4\">\u2013 La hausse des cas de d\u00e9c\u00e8s chez les malades atteints de la Covid-19 est due principalement au taux \u00e9lev\u00e9 d\u2019infection parmi les personnes \u00e2g\u00e9es et les patients souffrant de maladies chroniques qui aggravent l\u2019infection au coronavirus, et le bilan de d\u00e9c\u00e8s au sein de cette cat\u00e9gorie de contamin\u00e9s confirme cette donne.<\/p>\n<p class=\"c4\">\u2013 Certains cas de d\u00e9c\u00e8s enregistr\u00e9s sont dus surtout au retard des personnes contamin\u00e9es \u00e0 se rendre aux \u00e9tablissements hospitaliers, ce qui engendre une d\u00e9t\u00e9rioration de leur \u00e9tat de sant\u00e9 et leur arriv\u00e9e aux h\u00f4pitaux dans des conditions de sant\u00e9 tr\u00e8s critiques n\u00e9cessitant des soins m\u00e9dicaux intensifs dans les services de r\u00e9animation, et il convient de noter que le taux de gu\u00e9rison chez les patients Covid-19 dont l\u2019\u00e9tat n\u00e9cessitait des soins intensifs en r\u00e9animation a d\u00e9pass\u00e9 85 pc.<\/p>\n<p class=\"c4\">\u2013 Tous les cas sont pris en charge conform\u00e9ment au protocole m\u00e9dical approuv\u00e9 par le minist\u00e8re de la Sant\u00e9, de m\u00eame que les \u00e9quipes m\u00e9dicales, infirmi\u00e8res et techniques travaillent d\u2019arrache-pied pour fournir les soins m\u00e9dicaux n\u00e9cessaires aux patients positifs, en particulier ceux dont l\u2019\u00e9tat de sant\u00e9 n\u00e9cessite des soins intensifs.<\/p>\n<p class=\"c4\">La Direction r\u00e9gionale de la Sant\u00e9 de l\u2019Oriental appelle tous les citoyens \u00e0 suivre les proc\u00e9dures adopt\u00e9es par la Direction r\u00e9gionale de la Sant\u00e9 en prenant contact avec les centres de r\u00e9f\u00e9rence pour le diagnostic de l\u2019infection \u00e0 la Covid-19, et ce pour b\u00e9n\u00e9ficier d\u2019un test fiable de leur \u00e9tat de sant\u00e9.<\/p>\n<p class=\"c4\">La Direction r\u00e9gionale informe \u00e9galement que ses canaux de communication sont ouverts \u00e0 tous afin de faire face \u00e0 toutes les rumeurs et \u00e0 tout ce qui pourrait remettre en question la gravit\u00e9 de la pand\u00e9mie ou sous-estimer les efforts consentis par tous les cadres de sant\u00e9 pour lutter contre la Covid-19.<\/p>\n<p>Auteur: Soufiane ELAHMAR<br \/>\n<a href=\"http:\/\/www.mapoujda.ma\/fr\/covid-19-dans-loriental-precisions-de-la-drs-sur-les-cas-de-deces\/\">Cliquez ici pour lire l&rsquo;article depuis sa source.<\/a><\/p>\n","protected":false},"excerpt":{"rendered":"<p>Suite aux informations v\u00e9hicul\u00e9es sur des r\u00e9seaux sociaux concernant le d\u00e9veloppement de la situation \u00e9pid\u00e9miologique li\u00e9e \u00e0 la Covid-19 dans la r\u00e9gion de l\u2019Oriental, plus particuli\u00e8rement la hausse des cas de d\u00e9c\u00e8s parmi les personnes infect\u00e9es, la Direction r\u00e9gionale de la Sant\u00e9 de l\u2019Oriental apporte dans un communiqu\u00e9 les pr\u00e9cisions suivantes: \u2013 La hausse des [&hellip;]<\/p>\n","protected":false},"author":1788,"featured_media":0,"comment_status":"closed","ping_status":"closed","sticky":false,"template":"","format":"standard","meta":{"fifu_image_url":"","fifu_image_alt":"","footnotes":""},"categories":[54,76],"tags":[],"class_list":["post-104284","post","type-post","status-publish","format-standard","hentry","category-maroc","category-regions"],"_links":{"self":[{"href":"https:\/\/linitiative.ca\/International\/wp-json\/wp\/v2\/posts\/104284","targetHints":{"allow":["GET"]}}],"collection":[{"href":"https:\/\/linitiative.ca\/International\/wp-json\/wp\/v2\/posts"}],"about":[{"href":"https:\/\/linitiative.ca\/International\/wp-json\/wp\/v2\/types\/post"}],"author":[{"embeddable":true,"href":"https:\/\/linitiative.ca\/International\/wp-json\/wp\/v2\/users\/1788"}],"replies":[{"embeddable":true,"href":"https:\/\/linitiative.ca\/International\/wp-json\/wp\/v2\/comments?post=104284"}],"version-history":[{"count":0,"href":"https:\/\/linitiative.ca\/International\/wp-json\/wp\/v2\/posts\/104284\/revisions"}],"wp:attachment":[{"href":"https:\/\/linitiative.ca\/International\/wp-json\/wp\/v2\/media?parent=104284"}],"wp:term":[{"taxonomy":"category","embeddable":true,"href":"https:\/\/linitiative.ca\/International\/wp-json\/wp\/v2\/categories?post=104284"},{"taxonomy":"post_tag","embeddable":true,"href":"https:\/\/linitiative.ca\/International\/wp-json\/wp\/v2\/tags?post=104284"}],"curies":[{"name":"wp","href":"https:\/\/api.w.org\/{rel}","templated":true}]}}