{"id":104289,"date":"2020-11-10T14:53:30","date_gmt":"2020-11-10T19:53:30","guid":{"rendered":"https:\/\/linitiative.ca\/International\/17-milliard-de-dh-pour-les-universites-de-fes-meknes\/"},"modified":"2020-11-10T14:53:30","modified_gmt":"2020-11-10T19:53:30","slug":"17-milliard-de-dh-pour-les-universites-de-fes-meknes","status":"publish","type":"post","link":"https:\/\/linitiative.ca\/International\/17-milliard-de-dh-pour-les-universites-de-fes-meknes\/","title":{"rendered":"1,7 milliard de DH pour les universit\u00e9s de F\u00e8s-Mekn\u00e8s"},"content":{"rendered":"<div class=\"body\">\n<div class=\"field field-name-body field-type-text-with-summary field-label-hidden\">\n<div class=\"field-items\" readability=\"13.5\">\n<div class=\"field-item even\" property=\"content:encoded\" readability=\"22\">\n<p class=\"rtejustify\">Le minist\u00e8re de l\u2019Enseignement sup\u00e9rieur, le Conseil r\u00e9gional F\u00e8s-Mekn\u00e8s et les 5 universit\u00e9s de la r\u00e9gion ont sign\u00e9, vendredi dernier, 14 conventions dans le cadre du contrat programme \u00c9tat-r\u00e9gion. En application de ces accords, une enveloppe de 1,7 milliard de DH sera d\u00e9di\u00e9e \u00e0 l\u2019am\u00e9lioration de l\u2019offre de formation, la recherche scientifique, et la construction de nouvelles infrastructures dans les diff\u00e9rentes provinces de la r\u00e9gion. Et ce, en partenariat avec l\u2019universit\u00e9 Sidi Mohamed Ben Abdellah de F\u00e8s, l\u2019universit\u00e9 Euromed de F\u00e8s, l\u2019universit\u00e9 Al Akhawayn, l\u2019universit\u00e9 Moulay Ismail de Mekn\u00e8s, et l\u2019acad\u00e9mie r\u00e9gionale de l\u2019enseignement sup\u00e9rieur de F\u00e8s-Mekn\u00e8s.<br \/><em>Y.S.A.<\/em><\/p>\n<\/div>\n<\/div>\n<\/div>\n<\/div>\n<div class=\"eco-conseil\">\n<div class=\"view view-eco-conseil-16 view-id-eco_conseil_16 view-display-id-cookies view-dom-id-32345adefc6d64c5dc2a98592ac4c941\">\n<div class=\"view-content\">\n<div id=\"views-bootstrap-grid-1\" class=\"views-bootstrap-grid-plugin-style\">\n<div class=\"row\">\n<div class=\" col-xs-12 col-lg-4\">\n<div class=\"row\">\n<div class=\"col col-xs-12 col-lg-12\">\n<div class=\"field-content\"><a href=\"\/article\/1069384-startups-l-um6p-lance-le-1er-hub-plug-and-play-en-afrique\"><img loading=\"lazy\" decoding=\"async\" class=\"img-responsive\" typeof=\"foaf:Image\" src=\"https:\/\/www.leconomiste.com\/sites\/default\/files\/eco7\/public\/styles\/800x400\/public\/default_images\/default_une.jpg?itok=4jZlgnIZ\" width=\"660\" height=\"330\" alt=\"\"\/><\/a><\/div>\n<\/div>\n<div class=\" title_suite_2 col col-xs-12 col-lg-12\"> <a href=\"\/article\/1069384-startups-l-um6p-lance-le-1er-hub-plug-and-play-en-afrique\"\/><span class=\"field-content\">Startups: L\u2019UM6P lance le 1er hub Plug and Play en Afrique<\/span><\/div>\n<\/div>\n<\/div>\n<div class=\" col-xs-12 col-lg-4\">\n<div class=\"row\">\n<div class=\"col col-xs-12 col-lg-12\">\n<div class=\"field-content\"><a href=\"\/article\/1069383-casa-transports-alstom-va-livrer-66-tramways\"><img loading=\"lazy\" decoding=\"async\" class=\"img-responsive\" typeof=\"foaf:Image\" src=\"https:\/\/www.leconomiste.com\/sites\/default\/files\/eco7\/public\/styles\/800x400\/public\/default_images\/default_une.jpg?itok=4jZlgnIZ\" width=\"660\" height=\"330\" alt=\"\"\/><\/a><\/div>\n<\/div>\n<div class=\" title_suite_2 col col-xs-12 col-lg-12\"> <a href=\"\/article\/1069383-casa-transports-alstom-va-livrer-66-tramways\"\/><span class=\"field-content\">Casa Transports: Alstom va livrer 66 tramways<\/span><\/div>\n<\/div>\n<\/div>\n<div class=\" col-xs-12 col-lg-4\">\n<div class=\"row\">\n<div class=\"col col-xs-12 col-lg-12\">\n<div class=\"field-content\"><a href=\"\/article\/1069382-bank-africa-et-ccc-group-signent-un-memorandum-d-entente\"><img loading=\"lazy\" decoding=\"async\" class=\"img-responsive\" typeof=\"foaf:Image\" src=\"https:\/\/www.leconomiste.com\/sites\/default\/files\/eco7\/public\/styles\/800x400\/public\/default_images\/default_une.jpg?itok=4jZlgnIZ\" width=\"660\" height=\"330\" alt=\"\"\/><\/a><\/div>\n<\/div>\n<div class=\" title_suite_2 col col-xs-12 col-lg-12\"> <a href=\"\/article\/1069382-bank-africa-et-ccc-group-signent-un-memorandum-d-entente\"\/><span class=\"field-content\">Bank Of Africa et CCC Group signent un m\u00e9morandum d\u2019entente<\/span><\/div>\n<\/div>\n<\/div>\n<\/div>\n<\/div>\n<\/div>\n<\/div>\n<\/div>\n<p>Auteur: hlafriqi<br \/>\n<a href=\"https:\/\/www.leconomiste.com\/article\/1069385-1-7-milliard-de-dh-pour-les-universites-de-fes-meknes\">Cliquez ici pour lire l&rsquo;article depuis sa source.<\/a><\/p>\n","protected":false},"excerpt":{"rendered":"<p>Le minist\u00e8re de l\u2019Enseignement sup\u00e9rieur, le Conseil r\u00e9gional F\u00e8s-Mekn\u00e8s et les 5 universit\u00e9s de la r\u00e9gion ont sign\u00e9, vendredi dernier, 14 conventions dans le cadre du contrat programme \u00c9tat-r\u00e9gion. En application de ces accords, une enveloppe de 1,7 milliard de DH sera d\u00e9di\u00e9e \u00e0 l\u2019am\u00e9lioration de l\u2019offre de formation, la recherche scientifique, et la construction [&hellip;]<\/p>\n","protected":false},"author":1763,"featured_media":0,"comment_status":"closed","ping_status":"closed","sticky":false,"template":"","format":"standard","meta":{"fifu_image_url":"","fifu_image_alt":"","footnotes":""},"categories":[78,54],"tags":[],"class_list":["post-104289","post","type-post","status-publish","format-standard","hentry","category-economie","category-maroc"],"_links":{"self":[{"href":"https:\/\/linitiative.ca\/International\/wp-json\/wp\/v2\/posts\/104289","targetHints":{"allow":["GET"]}}],"collection":[{"href":"https:\/\/linitiative.ca\/International\/wp-json\/wp\/v2\/posts"}],"about":[{"href":"https:\/\/linitiative.ca\/International\/wp-json\/wp\/v2\/types\/post"}],"author":[{"embeddable":true,"href":"https:\/\/linitiative.ca\/International\/wp-json\/wp\/v2\/users\/1763"}],"replies":[{"embeddable":true,"href":"https:\/\/linitiative.ca\/International\/wp-json\/wp\/v2\/comments?post=104289"}],"version-history":[{"count":0,"href":"https:\/\/linitiative.ca\/International\/wp-json\/wp\/v2\/posts\/104289\/revisions"}],"wp:attachment":[{"href":"https:\/\/linitiative.ca\/International\/wp-json\/wp\/v2\/media?parent=104289"}],"wp:term":[{"taxonomy":"category","embeddable":true,"href":"https:\/\/linitiative.ca\/International\/wp-json\/wp\/v2\/categories?post=104289"},{"taxonomy":"post_tag","embeddable":true,"href":"https:\/\/linitiative.ca\/International\/wp-json\/wp\/v2\/tags?post=104289"}],"curies":[{"name":"wp","href":"https:\/\/api.w.org\/{rel}","templated":true}]}}