{"id":104290,"date":"2020-11-10T11:00:00","date_gmt":"2020-11-10T16:00:00","guid":{"rendered":"https:\/\/linitiative.ca\/International\/violents-combats-autour-de-la-ville-strategique-de-choucha\/"},"modified":"2020-11-10T11:00:00","modified_gmt":"2020-11-10T16:00:00","slug":"violents-combats-autour-de-la-ville-strategique-de-choucha","status":"publish","type":"post","link":"https:\/\/linitiative.ca\/International\/violents-combats-autour-de-la-ville-strategique-de-choucha\/","title":{"rendered":"Violents combats autour  de la ville strat\u00e9gique  de Choucha"},"content":{"rendered":"<p class=\"p1 c3\"><span class=\"c2\">L&rsquo;Arm\u00e9nie a affirm\u00e9 hier que les combats se poursuivaient au Nagorny Karabakh pour le contr\u00f4le de la ville strat\u00e9gique de Choucha, dont l&rsquo;Azerba\u00efdjan avait annonc\u00e9 la veille la capture, ce qui constituerait un tournant dans le conflit.<\/span><\/p>\n<p class=\"p1 c3\"><span class=\"c2\">Les forces arm\u00e9es azerba\u00efdjanaises cherchent depuis la fin septembre \u00e0 reprendre le contr\u00f4le de ce territoire s\u00e9paratiste soutenu par Erevan et qui lui \u00e9chappe depuis les ann\u00e9es 1990. L&rsquo;offensive lui a permis en six semaines de reprendre de nombreux territoires.<span class=\"Apple-converted-space\">\u00a0<\/span><\/span><\/p>\n<p class=\"p1 c3\"><span class=\"c2\">Selon un communiqu\u00e9 diffus\u00e9 par le centre de presse des forces arm\u00e9niennes, \u00ab\u00a0des combats intenses\u00a0\u00bb se poursuivent depuis deux jours dans les environs de Choucha contre l&rsquo;arm\u00e9e azerba\u00efdjanaise qui a \u00ab\u00a0subi des pertes consid\u00e9rables et (a) battu en retraite\u00a0\u00bb.<span class=\"Apple-converted-space\">\u00a0<\/span><\/span><\/p>\n<p class=\"p1 c3\"><span class=\"c2\">Les forces arm\u00e9niennes ont annonc\u00e9 la mort de 44 soldats suppl\u00e9mentaires dans leurs rangs, sans pr\u00e9ciser s&rsquo;ils avaient \u00e9t\u00e9 tu\u00e9s dans ces combats.<\/span><\/p>\n<p class=\"p1 c3\"><span class=\"c2\">Dimanche, Erevan avait d\u00e9j\u00e0 d\u00e9menti la prise de cette ville strat\u00e9gique par l&rsquo;adversaire, assurant qu&rsquo;elle r\u00e9sistait \u00ab\u00a0aux coups de l&rsquo;adversaire en d\u00e9pit de lourds d\u00e9g\u00e2ts\u00a0\u00bb.<\/span><\/p>\n<p class=\"p1 c3\"><span class=\"c2\">Choucha, \u00e9rig\u00e9e au sommet d&rsquo;une montagne, est situ\u00e9e \u00e0 seulement quinze kilom\u00e8tres de la capitale des s\u00e9paratistes, Stepanakert, et sur la principale route reliant la r\u00e9publique autoproclam\u00e9e \u00e0 l&rsquo;Arm\u00e9nie, son parrain politique, \u00e9conomique et militaire.<\/span><\/p>\n<p class=\"p1 c3\"><span class=\"c2\">Lors d&rsquo;une allocution t\u00e9l\u00e9vis\u00e9e dimanche, le pr\u00e9sident azerba\u00efdjanais Ilham Aliev avait annonc\u00e9 \u00ab\u00a0avec une fiert\u00e9 et une joie tr\u00e8s grandes\u00a0\u00bb que Choucha avait \u00e9t\u00e9 \u00ab\u00a0lib\u00e9r\u00e9e\u00a0\u00bb.<\/span><\/p>\n<p class=\"p1 c3\"><span class=\"c2\">Outre son emplacement strat\u00e9gique, la localit\u00e9 est un symbole pour les Azerba\u00efdjanais, qui la consid\u00e8rent comme un de leurs centres culturels majeurs. Elle \u00e9tait majoritairement habit\u00e9e par des Azerba\u00efdjanais jusqu&rsquo;\u00e0 la fin des ann\u00e9es 1980, m\u00eame si les deux communaut\u00e9s coexistaient.<\/span><\/p>\n<p class=\"p1 c3\"><span class=\"c2\">M. Aliev a par ailleurs annonc\u00e9 hier sur Twitter la capture de 23 nouveaux villages par son arm\u00e9e.<\/span><\/p>\n<p class=\"p1 c3\"><span class=\"c2\">Les forces arm\u00e9niennes ont fait \u00e9tat hier de bombardements azerba\u00efdjanais sur plusieurs localit\u00e9s sous leur contr\u00f4le, dont Stepanakert, vis\u00e9e par des \u00ab\u00a0missiles \u00e0 longue port\u00e9e\u00a0\u00bb.<\/span><\/p>\n<p class=\"p1 c3\"><span class=\"c2\">\u00ab\u00a0Des b\u00e2timents, des zones r\u00e9sidentielles, des infrastructures d&rsquo;importance publique et \u00e9conomique ont \u00e9t\u00e9 vis\u00e9s. Il n&rsquo;y a aucun complexe militaire sur ces sites\u00a0\u00bb, a affirm\u00e9 le service de presse des forces arm\u00e9niennes.<\/span><\/p>\n<p class=\"p1 c3\"><span class=\"c2\">L&rsquo;arm\u00e9e azerba\u00efdjanaise a de son c\u00f4t\u00e9 rapport\u00e9 des tirs arm\u00e9niens sur ses positions et sur plusieurs localit\u00e9s \u00e0 l&rsquo;aide d&rsquo;armes de petit calibre, d&rsquo;artillerie et de mortiers. Elle a \u00e9galement affirm\u00e9 avoir forc\u00e9 son adversaire \u00e0 battre en retraite et avoir la situation \u00ab\u00a0sous contr\u00f4le\u00a0\u00bb.<\/span><\/p>\n<p class=\"p1 c3\"><span class=\"c2\">L&rsquo;Azerba\u00efdjan a en outre fait \u00e9tat de tirs sur ses positions \u00e0 la fronti\u00e8re la s\u00e9parant de l&rsquo;Arm\u00e9nie, soit loin de la ligne de front du Nagorny Karabakh.<\/span><\/p>\n<p class=\"p1 c3\"><span class=\"c2\">De violents combats opposent depuis fin septembre Erevan et Bakou pour le contr\u00f4le de cette enclave montagneuse qui avait d\u00e9j\u00e0 \u00e9t\u00e9 l&rsquo;objet d&rsquo;une guerre ayant fait 30.000 morts \u00e0 la dislocation de l&rsquo;URSS.<\/span><\/p>\n<p>Auteur: letemps1<br \/>\n<a href=\"http:\/\/www.letemps.com.tn\/article\/118013\/violents-combats-autour-de-la-ville-strat%C3%A9gique-de-choucha\">Cliquez ici pour lire l&rsquo;article depuis sa source.<\/a><\/p>\n","protected":false},"excerpt":{"rendered":"<p>L&rsquo;Arm\u00e9nie a affirm\u00e9 hier que les combats se poursuivaient au Nagorny Karabakh pour le contr\u00f4le de la ville strat\u00e9gique de Choucha, dont l&rsquo;Azerba\u00efdjan avait annonc\u00e9 la veille la capture, ce qui constituerait un tournant dans le conflit. Les forces arm\u00e9es azerba\u00efdjanaises cherchent depuis la fin septembre \u00e0 reprendre le contr\u00f4le de ce territoire s\u00e9paratiste soutenu [&hellip;]<\/p>\n","protected":false},"author":1773,"featured_media":0,"comment_status":"closed","ping_status":"closed","sticky":false,"template":"","format":"standard","meta":{"fifu_image_url":"","fifu_image_alt":"","footnotes":""},"categories":[73,55],"tags":[],"class_list":["post-104290","post","type-post","status-publish","format-standard","hentry","category-actualite","category-tunisie"],"_links":{"self":[{"href":"https:\/\/linitiative.ca\/International\/wp-json\/wp\/v2\/posts\/104290","targetHints":{"allow":["GET"]}}],"collection":[{"href":"https:\/\/linitiative.ca\/International\/wp-json\/wp\/v2\/posts"}],"about":[{"href":"https:\/\/linitiative.ca\/International\/wp-json\/wp\/v2\/types\/post"}],"author":[{"embeddable":true,"href":"https:\/\/linitiative.ca\/International\/wp-json\/wp\/v2\/users\/1773"}],"replies":[{"embeddable":true,"href":"https:\/\/linitiative.ca\/International\/wp-json\/wp\/v2\/comments?post=104290"}],"version-history":[{"count":0,"href":"https:\/\/linitiative.ca\/International\/wp-json\/wp\/v2\/posts\/104290\/revisions"}],"wp:attachment":[{"href":"https:\/\/linitiative.ca\/International\/wp-json\/wp\/v2\/media?parent=104290"}],"wp:term":[{"taxonomy":"category","embeddable":true,"href":"https:\/\/linitiative.ca\/International\/wp-json\/wp\/v2\/categories?post=104290"},{"taxonomy":"post_tag","embeddable":true,"href":"https:\/\/linitiative.ca\/International\/wp-json\/wp\/v2\/tags?post=104290"}],"curies":[{"name":"wp","href":"https:\/\/api.w.org\/{rel}","templated":true}]}}