{"id":104291,"date":"2020-11-10T11:00:00","date_gmt":"2020-11-10T16:00:00","guid":{"rendered":"https:\/\/linitiative.ca\/International\/une-semaine-decisive-pour-arreter-la-liste-definitive\/"},"modified":"2020-11-10T11:00:00","modified_gmt":"2020-11-10T16:00:00","slug":"une-semaine-decisive-pour-arreter-la-liste-definitive","status":"publish","type":"post","link":"https:\/\/linitiative.ca\/International\/une-semaine-decisive-pour-arreter-la-liste-definitive\/","title":{"rendered":"Une semaine d\u00e9cisive  pour  arr\u00eater la liste d\u00e9finitive"},"content":{"rendered":"<p class=\"p1 c3\"><span class=\"c2\">Le Club Africain a repris hier les entra\u00eenements sous la houlette de son coach LassaadDridi. Cette semaine sera d\u00e9cisive pour le Club Africain qui s\u2019appr\u00eate \u00e0 effectuer un stage du c\u00f4t\u00e9 de Hammam-Bourguiba. Une semaine au cours de laquelle le technicien clubiste n\u2019aura avec lui que les joueurs sur lesquels il pourra compter lors du prochainexercice.<span class=\"Apple-converted-space\">\u00a0<\/span><\/span><\/p>\n<p class=\"p1 c3\"><span class=\"c2\">Il faut savoir que l\u2019effectif actuel est compos\u00e9 d\u2019une quarantaine de joueurs et ce n\u2019est que lors du stage de Hammam-Bourguiba que nous aurons une id\u00e9e plus exhaustive sur les intentions de l\u2019entra\u00eeneur des \u00ab rouge et Blanc \u00bb. Rappelons que le Club africain ne connait pas encore le nom de son adversaire pour la premi\u00e8re journ\u00e9e d\u2019autant plus qu\u2019aucune d\u00e9cision n\u2019a \u00e9t\u00e9 prise concernant le dossier du CS Chebba. Notons qu\u2019\u00e0 Hammam-Bourguiba, le Club Africain devrait disputer deux matches amicaux face \u00e0 des adversaires \u00e0 d\u00e9terminer.<\/span><\/p>\n<p class=\"p2 c4\">\u00a0<\/p>\n<p class=\"p3 c5\"><span class=\"c2\"><strong>Gil Bahia<span class=\"Apple-converted-space\">\u00a0<\/span> n\u2019est pas pr\u00eat<span class=\"Apple-converted-space\">\u00a0<\/span><\/strong><\/span><\/p>\n<p class=\"p3 c5\"><span class=\"c2\"><strong>pour un compromis !<\/strong><\/span><\/p>\n<p class=\"p1 c3\"><span class=\"c2\">Les responsables du Club Africain se retrouvent encore une fois dans le p\u00e9trin puisque le Br\u00e9silien de l\u2019USB Guerd\u00e8ne n\u2019est pas pr\u00eat de conc\u00e9der quoi que ce soit. En effet, le joueur recrut\u00e9 au cours de ce mercato d\u2019\u00e9t\u00e9 ne veut pas entendre parler d\u2019un \u00e9ventuel retour \u00e0 Ben Guerd\u00e8ne pour un pr\u00eat d\u2019une ann\u00e9e.<span class=\"Apple-converted-space\">\u00a0<\/span><\/span><\/p>\n<p class=\"p1 c3\"><span class=\"c2\">Il n\u2019est pas pr\u00eat, non plus, de quitter le club pour une autre formation et, cerise sur le g\u00e2teau, il n\u2019est pr\u00eat \u00e0 faire des concessions sur le plan financier.<span class=\"Apple-converted-space\">\u00a0<\/span><\/span><\/p>\n<p class=\"p1 c3\"><span class=\"c2\">Rappelons qu\u2019il s\u2019agit d\u2019un lat\u00e9ral droit et que le Club Africain a d\u00e9j\u00e0 recrut\u00e9 l\u2019alg\u00e9rien Ben Ayada sans compter Hamza Agrebi. Deux joueurs qui occupent le m\u00eame poste. On se contentera dire que les responsables clubistes ne sont pas \u00e0 une bourde pr\u00e8s et que c\u2019est du d\u00e9j\u00e0 vu\u2026<\/span><\/p>\n<p class=\"p2 c4\">\u00a0<\/p>\n<p class=\"p3 c5\"><span class=\"c2\"><strong>Les<span class=\"Apple-converted-space\">\u00a0<\/span> joueurs alg\u00e9riens<span class=\"Apple-converted-space\">\u00a0<\/span><\/strong><\/span><\/p>\n<p class=\"p3 c5\"><span class=\"c2\"><strong>rassurent<\/strong><\/span><\/p>\n<p class=\"p1 c3\"><span class=\"c2\">Plusieurs joueurs alg\u00e9riens ont \u00e9t\u00e9 recrut\u00e9s au cours de ce mercato d\u2019\u00e9t\u00e9 et Ben Ayada figure m\u00eame dans la liste de la s\u00e9lection alg\u00e9rienne actuellement en stage et pour remplacer le joueur Youssef Attal, test\u00e9 positif au Covid-19. L\u2019Alg\u00e9rie s\u2019appr\u00eate \u00e0 disputer un match ce jeudi contre le Zimbabwe, dans le cadre des \u00e9liminatoires CAN2023.<span class=\"Apple-converted-space\">\u00a0<\/span><\/span><\/p>\n<p class=\"p1 c3\"><span class=\"c2\">Les autres joueurs ont jusque-l\u00e0 laiss\u00e9 de bonnes impressions et on commence \u00e0 parler de recrutements r\u00e9ussis par les responsables clubistes.<span class=\"Apple-converted-space\">\u00a0<\/span><\/span><\/p>\n<p class=\"p1 c3\"><span class=\"c2\">Certains sont all\u00e9s jusqu\u2019\u00e0 comparer le jeune Botm\u00e8ne \u00e0 Djabou et ce qui rassure le plus les clubistes, c\u2019est le jeune \u00e2ge du joueur et le fait de l\u2019avoir engag\u00e9 pour trois ans. Pourvu qu\u2019on en tire le meilleur profit et sur le plan sportif et sur le plan financier. Rappelons que les alg\u00e9riens recrut\u00e9s sont, outre Ben Ayada et Botm\u00e8ne, Zakaria Na\u00efji dont on dit \u00e9galement le plus grand bien\u2026<\/span><\/p>\n<p class=\"p2 c4\">\u00a0<\/p>\n<p class=\"p3 c5\"><span class=\"c2\"><strong>Samedi prochain<span class=\"Apple-converted-space\">\u00a0<\/span><\/strong><\/span><\/p>\n<p class=\"p3 c5\"><span class=\"c2\"><strong>fin des travaux<\/strong><\/span><\/p>\n<p class=\"p1 c3\"><span class=\"c2\">Les travaux au parc A devraient finir samedi prochain. Voil\u00e0 une nouvelle qui devrait r\u00e9jouir les supporters clubistes qui auront ainsi la possibilit\u00e9 de revoir leur \u00e9quipe favorite s\u2019entra\u00eener chez elle.<span class=\"Apple-converted-space\">\u00a0<\/span><\/span><\/p>\n<p class=\"p1 c3\"><span class=\"c2\">Le retour de l\u2019\u00e9quipe senior au parc Mounir Kba\u00efli devrait se faire dans les prochains jours et c\u2019est au pr\u00e9sident Abdessalem El younsi et de son entra\u00eeneur Lassaad Dridi de d\u00e9cider de la date du retour de l\u2019\u00e9quipe senior \u00e0 la maison.<\/span><\/p>\n<p class=\"p4 c6\"><span class=\"c2\"><strong>Mourad AYARI<\/strong><\/span><\/p>\n<p>Auteur: letemps1<br \/>\n<a href=\"http:\/\/www.letemps.com.tn\/article\/118014\/une-semaine-d%C3%A9cisive-pour-arr%C3%AAter-la-liste-d%C3%A9finitive\">Cliquez ici pour lire l&rsquo;article depuis sa source.<\/a><\/p>\n","protected":false},"excerpt":{"rendered":"<p>Le Club Africain a repris hier les entra\u00eenements sous la houlette de son coach LassaadDridi. Cette semaine sera d\u00e9cisive pour le Club Africain qui s\u2019appr\u00eate \u00e0 effectuer un stage du c\u00f4t\u00e9 de Hammam-Bourguiba. Une semaine au cours de laquelle le technicien clubiste n\u2019aura avec lui que les joueurs sur lesquels il pourra compter lors du [&hellip;]<\/p>\n","protected":false},"author":1773,"featured_media":0,"comment_status":"closed","ping_status":"closed","sticky":false,"template":"","format":"standard","meta":{"fifu_image_url":"","fifu_image_alt":"","footnotes":""},"categories":[73,55],"tags":[],"class_list":["post-104291","post","type-post","status-publish","format-standard","hentry","category-actualite","category-tunisie"],"_links":{"self":[{"href":"https:\/\/linitiative.ca\/International\/wp-json\/wp\/v2\/posts\/104291","targetHints":{"allow":["GET"]}}],"collection":[{"href":"https:\/\/linitiative.ca\/International\/wp-json\/wp\/v2\/posts"}],"about":[{"href":"https:\/\/linitiative.ca\/International\/wp-json\/wp\/v2\/types\/post"}],"author":[{"embeddable":true,"href":"https:\/\/linitiative.ca\/International\/wp-json\/wp\/v2\/users\/1773"}],"replies":[{"embeddable":true,"href":"https:\/\/linitiative.ca\/International\/wp-json\/wp\/v2\/comments?post=104291"}],"version-history":[{"count":0,"href":"https:\/\/linitiative.ca\/International\/wp-json\/wp\/v2\/posts\/104291\/revisions"}],"wp:attachment":[{"href":"https:\/\/linitiative.ca\/International\/wp-json\/wp\/v2\/media?parent=104291"}],"wp:term":[{"taxonomy":"category","embeddable":true,"href":"https:\/\/linitiative.ca\/International\/wp-json\/wp\/v2\/categories?post=104291"},{"taxonomy":"post_tag","embeddable":true,"href":"https:\/\/linitiative.ca\/International\/wp-json\/wp\/v2\/tags?post=104291"}],"curies":[{"name":"wp","href":"https:\/\/api.w.org\/{rel}","templated":true}]}}