{"id":104292,"date":"2020-11-10T11:00:00","date_gmt":"2020-11-10T16:00:00","guid":{"rendered":"https:\/\/linitiative.ca\/International\/nous-jouerons-pour-le-titre-a-nimporte-quel-prix\/"},"modified":"2020-11-10T11:00:00","modified_gmt":"2020-11-10T16:00:00","slug":"nous-jouerons-pour-le-titre-a-nimporte-quel-prix","status":"publish","type":"post","link":"https:\/\/linitiative.ca\/International\/nous-jouerons-pour-le-titre-a-nimporte-quel-prix\/","title":{"rendered":"\u00abNous jouerons pour le titre  \u00e0 n\u2019importe quel prix !\u00bb"},"content":{"rendered":"<p class=\"p1 c3\"><span class=\"c2\">Toujours dans ce cadre de la coupe de la CAF, l\u2019arri\u00e8re gauche international de l\u2019Etoile Mortadha Ben Ouann\u00e8s n\u2019a pas h\u00e9sit\u00e9 \u00e0 mettre en valeur les chances du club sah\u00e9lien pour remporter ce titre africain \u00ab Je dois avouer d\u2019embl\u00e9e que nous disputerons cette comp\u00e9tition avec la d\u00e9termination de la remporter \u00e0 n\u2019importe quel prix.Nous disposons de l\u2019effectif idoine pour aller jusqu\u2019au bout de nos intentions dans cette joute africaine \u00bb,a avou\u00e9 l\u2019international \u00e9toil\u00e9 sur un air manifestement confiant.<\/span><\/p>\n<p class=\"p2 c4\">\u00a0<\/p>\n<p class=\"p3 c5\"><span class=\"c2\"><strong>\u00c7a coince encore !<\/strong><\/span><\/p>\n<p class=\"p1 c3\"><span class=\"c2\">Apr\u00e8s l\u2019annonce d\u2019une sortie de crise \u00ab constructive \u00bb et valorisante pour tout le monde \u00e0 l\u2019Etoile, concr\u00e9tis\u00e9e notamment par le message prometteur de la figure embl\u00e9matique Zoubeir Baya, \u00e0 l\u2019adresse du large public \u00e9toil\u00e9 ;la situation est toujours au point mort. Eneffet, le pr\u00e9sident du club Ridha Charfeddine, semble encore r\u00e9ticent \u00e0 la pr\u00e9sence de certaines figures au sein de la composition de la commission technique notamment ;et aurait m\u00eame demand\u00e9 \u00e0 Chokri Laamiri de poursuivre sa mission \u00e0 la t\u00eate de la section football.<\/span><\/p>\n<p class=\"p1 c3\"><span class=\"c2\">Une chose est certaine, l\u2019Etoile a grandement besoin de s\u00e9r\u00e9nit\u00e9 et surtout de coh\u00e9sion entre toutes ses composantes, d\u2019autant plus que la facteur temps commence \u00e0 jouer de mauvais tours par rapport aux d\u00e9cisions majeures, dont notamment celle aff\u00e9rentes au choix du prochain entraineur, et la densification du volume de travail de l\u2019\u00e9quipe-malgr\u00e9 les efforts louables de Nafkha- en pr\u00e9vision du d\u00e9marrage du championnat et les diff\u00e9rentes comp\u00e9titions :africaine et arabe.<\/span><\/p>\n<p class=\"p2 c4\">\u00a0<\/p>\n<p class=\"p3 c5\"><span class=\"c2\"><strong>Une liste africaine<span class=\"Apple-converted-space\">\u00a0<\/span><\/strong><\/span><\/p>\n<p class=\"p3 c5\"><span class=\"c2\"><strong>de 24 joueurs<\/strong><\/span><\/p>\n<p class=\"p1 c3\"><span class=\"c2\">Dans<span class=\"Apple-converted-space\">\u00a0<\/span> ce registre continental, nous avons appris qu\u2019une liste de 24 joueurs a \u00e9t\u00e9 envoy\u00e9e depuis samedi dernier \u00e0 la conf\u00e9d\u00e9ration africaine de football, en pr\u00e9vision de la prochaine campagne de la coupe de la CAF.<\/span><\/p>\n<p class=\"p1 c3\"><span class=\"c2\">Toutefois, la question qui se pose est la suivante : Qui a fait la casting des joueurs susceptibles de repr\u00e9senter l\u2019Etoile dans cette joute africaine et est-ce qu\u2019il dispose de l\u2019expertise idoine et surtout efficiente pour faire des choix aussi d\u00e9terminants, d\u2019autant plus que cette coupe de la CAF constitue l\u2019objectif primordial de l\u2019Etoile pour la saison 2020-2021 ?<\/span><\/p>\n<p class=\"p1 c3\"><span class=\"c2\">Une chose est certaine, Nafkha ne peut gu\u00e8re \u00eatre le seul d\u00e9cideur dans ce casting fort important mais banalis\u00e9 !<\/span><\/p>\n<p class=\"p4 c6\"><span class=\"c2\"><strong>Hatem<span class=\"Apple-converted-space\">\u00a0<\/span> REGAIEG<\/strong><\/span><\/p>\n<p>Auteur: letemps1<br \/>\n<a href=\"http:\/\/www.letemps.com.tn\/article\/118015\/%C2%ABnous-jouerons-pour-le-titre-%C3%A0-n%E2%80%99importe-quel-prix-%C2%BB\">Cliquez ici pour lire l&rsquo;article depuis sa source.<\/a><\/p>\n","protected":false},"excerpt":{"rendered":"<p>Toujours dans ce cadre de la coupe de la CAF, l\u2019arri\u00e8re gauche international de l\u2019Etoile Mortadha Ben Ouann\u00e8s n\u2019a pas h\u00e9sit\u00e9 \u00e0 mettre en valeur les chances du club sah\u00e9lien pour remporter ce titre africain \u00ab Je dois avouer d\u2019embl\u00e9e que nous disputerons cette comp\u00e9tition avec la d\u00e9termination de la remporter \u00e0 n\u2019importe quel prix.Nous [&hellip;]<\/p>\n","protected":false},"author":1773,"featured_media":0,"comment_status":"closed","ping_status":"closed","sticky":false,"template":"","format":"standard","meta":{"fifu_image_url":"","fifu_image_alt":"","footnotes":""},"categories":[73,55],"tags":[],"class_list":["post-104292","post","type-post","status-publish","format-standard","hentry","category-actualite","category-tunisie"],"_links":{"self":[{"href":"https:\/\/linitiative.ca\/International\/wp-json\/wp\/v2\/posts\/104292","targetHints":{"allow":["GET"]}}],"collection":[{"href":"https:\/\/linitiative.ca\/International\/wp-json\/wp\/v2\/posts"}],"about":[{"href":"https:\/\/linitiative.ca\/International\/wp-json\/wp\/v2\/types\/post"}],"author":[{"embeddable":true,"href":"https:\/\/linitiative.ca\/International\/wp-json\/wp\/v2\/users\/1773"}],"replies":[{"embeddable":true,"href":"https:\/\/linitiative.ca\/International\/wp-json\/wp\/v2\/comments?post=104292"}],"version-history":[{"count":0,"href":"https:\/\/linitiative.ca\/International\/wp-json\/wp\/v2\/posts\/104292\/revisions"}],"wp:attachment":[{"href":"https:\/\/linitiative.ca\/International\/wp-json\/wp\/v2\/media?parent=104292"}],"wp:term":[{"taxonomy":"category","embeddable":true,"href":"https:\/\/linitiative.ca\/International\/wp-json\/wp\/v2\/categories?post=104292"},{"taxonomy":"post_tag","embeddable":true,"href":"https:\/\/linitiative.ca\/International\/wp-json\/wp\/v2\/tags?post=104292"}],"curies":[{"name":"wp","href":"https:\/\/api.w.org\/{rel}","templated":true}]}}