{"id":104293,"date":"2020-11-10T11:00:00","date_gmt":"2020-11-10T16:00:00","guid":{"rendered":"https:\/\/linitiative.ca\/International\/un-5eme-stage-pour-lequipe-nationale\/"},"modified":"2020-11-10T11:00:00","modified_gmt":"2020-11-10T16:00:00","slug":"un-5eme-stage-pour-lequipe-nationale","status":"publish","type":"post","link":"https:\/\/linitiative.ca\/International\/un-5eme-stage-pour-lequipe-nationale\/","title":{"rendered":"Un 5\u00e8me stage  pour l\u2019Equipe nationale"},"content":{"rendered":"<p class=\"p1 c2\">L\u2019\u00e9quipe nationale de handball disputera le Mondial 2021 du 13 au 31 janvier,<span class=\"Apple-converted-space\">\u00a0<\/span> Les 20 joueurs, dont cinq expatri\u00e9s, ont \u00e9t\u00e9 soumis \u00e0 un quatri\u00e8me stage de pr\u00e9paration, rassemblement qui devait \u00eatre entrecoup\u00e9 par deux matches amicaux face \u00e0 la s\u00e9lection alg\u00e9rienne. A une condition, celle consistant \u00e0 permettre \u00e0 ses joueurs de quitter<span class=\"Apple-converted-space\">\u00a0<\/span> le territoire alg\u00e9rien, condition qui, semble-t-il, n\u2019a pas \u00e9t\u00e9 accompagn\u00e9e de l\u2019autorisation de la tutelle.<\/p>\n<p class=\"p1 c2\">5 joueurs<span class=\"Apple-converted-space\">\u00a0<\/span> expatri\u00e9s<span class=\"Apple-converted-space\">\u00a0 \u00a0<\/span><\/p>\n<p class=\"p1 c2\">*Tremblay (France) : Mohamed Soussi (Demi-centre) et Marwen Chouiref (Pivot)<\/p>\n<p class=\"p1 c2\">(Tremblay).<\/p>\n<p class=\"p1 c2\">*S\u00e9lestat ( France ) : Mehdi Harbaoui (Gardien de but).<\/p>\n<p class=\"p1 c2\">*Al Ahly du Caire ) : Egypte : Oussama Jaziri (Arri\u00e8re Gauche).<\/p>\n<p class=\"p1 c2\"><span class=\"Apple-converted-space\">\u00a0<\/span> Ahly Duba\u00ef :<span class=\"Apple-converted-space\">\u00a0<\/span> Mohamed Ridha Frad (Arri\u00e8re Gauche).<\/p>\n<p class=\"p1 c2\">Les joueurs locaux <span class=\"Apple-converted-space\">\u00a0<\/span><\/p>\n<p class=\"p1 c2\">*ES Tunis : Skander Zaied (Demi-centre), Youssef Maaref (Arri\u00e8re Gauche),<span class=\"Apple-converted-space\">\u00a0<\/span><\/p>\n<p class=\"p1 c2\">Hazem Bacha (Arri\u00e8re Gauche) et Ramzi Majdoub (Ailier Droit) et Mohamed<span class=\"Apple-converted-space\">\u00a0<\/span><\/p>\n<p class=\"p1 c2\">Ghazi Memmiche (Pivot).<\/p>\n<p class=\"p1 c2\">*CS Sakiet Ezzit : Marwen Soussi (Gardien), Ghassen Toumi (Ailier Gauche),<span class=\"Apple-converted-space\">\u00a0<\/span><\/p>\n<p class=\"p1 c2\">Wael Mzoughi (CS Sakiet Ezzit) et Achref Margheli (Arri\u00e8re Droit).<\/p>\n<p class=\"p1 c2\">*ES Sahel : Issam Rzig (Ailier Droit) et Mohamed Amine Darmoul (Demi-centre).<\/p>\n<p class=\"p1 c2\">*Club Africain : Marwen Maggaiez (Gardien) et Mosbah Sanai (Arri\u00e8re Gauche).<\/p>\n<p class=\"p1 c2\">*AS T\u00e9boulba : Rami Fekih (Arri\u00e8re gauche).<\/p>\n<p class=\"p1 c2\">AS Hammamet : Islem Jebali (Pivot).<\/p>\n<p class=\"p2 c3\"><strong>R.B.A<\/strong><\/p>\n<p>Auteur: letemps1<br \/>\n<a href=\"http:\/\/www.letemps.com.tn\/article\/118016\/un-5%C3%A8me-stage-pour-l%E2%80%99equipe-nationale\">Cliquez ici pour lire l&rsquo;article depuis sa source.<\/a><\/p>\n","protected":false},"excerpt":{"rendered":"<p>L\u2019\u00e9quipe nationale de handball disputera le Mondial 2021 du 13 au 31 janvier,\u00a0 Les 20 joueurs, dont cinq expatri\u00e9s, ont \u00e9t\u00e9 soumis \u00e0 un quatri\u00e8me stage de pr\u00e9paration, rassemblement qui devait \u00eatre entrecoup\u00e9 par deux matches amicaux face \u00e0 la s\u00e9lection alg\u00e9rienne. A une condition, celle consistant \u00e0 permettre \u00e0 ses joueurs de quitter\u00a0 le [&hellip;]<\/p>\n","protected":false},"author":1773,"featured_media":0,"comment_status":"closed","ping_status":"closed","sticky":false,"template":"","format":"standard","meta":{"fifu_image_url":"","fifu_image_alt":"","footnotes":""},"categories":[73,55],"tags":[],"class_list":["post-104293","post","type-post","status-publish","format-standard","hentry","category-actualite","category-tunisie"],"_links":{"self":[{"href":"https:\/\/linitiative.ca\/International\/wp-json\/wp\/v2\/posts\/104293","targetHints":{"allow":["GET"]}}],"collection":[{"href":"https:\/\/linitiative.ca\/International\/wp-json\/wp\/v2\/posts"}],"about":[{"href":"https:\/\/linitiative.ca\/International\/wp-json\/wp\/v2\/types\/post"}],"author":[{"embeddable":true,"href":"https:\/\/linitiative.ca\/International\/wp-json\/wp\/v2\/users\/1773"}],"replies":[{"embeddable":true,"href":"https:\/\/linitiative.ca\/International\/wp-json\/wp\/v2\/comments?post=104293"}],"version-history":[{"count":0,"href":"https:\/\/linitiative.ca\/International\/wp-json\/wp\/v2\/posts\/104293\/revisions"}],"wp:attachment":[{"href":"https:\/\/linitiative.ca\/International\/wp-json\/wp\/v2\/media?parent=104293"}],"wp:term":[{"taxonomy":"category","embeddable":true,"href":"https:\/\/linitiative.ca\/International\/wp-json\/wp\/v2\/categories?post=104293"},{"taxonomy":"post_tag","embeddable":true,"href":"https:\/\/linitiative.ca\/International\/wp-json\/wp\/v2\/tags?post=104293"}],"curies":[{"name":"wp","href":"https:\/\/api.w.org\/{rel}","templated":true}]}}