{"id":104294,"date":"2020-11-10T11:00:00","date_gmt":"2020-11-10T16:00:00","guid":{"rendered":"https:\/\/linitiative.ca\/International\/le-coup-denvoi-du-championnat-avance-au-19-decembre\/"},"modified":"2020-11-10T11:00:00","modified_gmt":"2020-11-10T16:00:00","slug":"le-coup-denvoi-du-championnat-avance-au-19-decembre","status":"publish","type":"post","link":"https:\/\/linitiative.ca\/International\/le-coup-denvoi-du-championnat-avance-au-19-decembre\/","title":{"rendered":"Le coup d\u2019envoi du championnat avanc\u00e9 au 19 d\u00e9cembre"},"content":{"rendered":"<p>Suite au report de la Ligue africaine<\/p>\n<footer class=\"submitted clearfix\">\n<p><span class=\"date-display-single\" property=\"dc:date\" datatype=\"xsd:dateTime\" content=\"2020-11-10T00:00:00+01:00\">Mardi 10 Novembre 2020<\/span><\/p>\n<\/footer>\n<div class=\"content clearfix\" readability=\"41.677419354839\"><span class=\"print-link\"><span class=\"print_html\"><a href=\"http:\/\/www.letemps.com.tn\/print\/118017\" title=\"Display a printer-friendly version of this page.\" class=\"print-page\" onclick=\"window.open(this.href); return false\" rel=\"nofollow\"><img decoding=\"async\" class=\"print-icon\" typeof=\"foaf:Image\" src=\"http:\/\/www.letemps.com.tn\/sites\/all\/modules\/print\/icons\/print_icon.gif\" alt=\"\u0646\u0633\u062e\u0629 \u0644\u0644\u0637\u0628\u0627\u0639\u0629\" title=\"\u0646\u0633\u062e\u0629 \u0644\u0644\u0637\u0628\u0627\u0639\u0629\"\/><\/a><\/span><\/span><\/p>\n<div class=\"beacon9-social\">\n<p><iframe src=\"http:\/\/www.facebook.com\/plugins\/like.php?href=http%3A%2F%2Fwww.letemps.com.tn%2Farticle%2F118017%2Fle-coup-d%25E2%2580%2599envoi-du-championnat-avanc%25C3%25A9-au-19-d%25C3%25A9cembre&amp;layout=button_count&amp;show_faces=false&amp;action=like&amp;font=arial&amp;colorscheme=light\" scrolling=\"no\" frameborder=\"0\" class=\"c1\" allowtransparency=\"true\">[embedded content]<\/iframe><\/p>\n<\/div>\n<div class=\"field field-name-field-op-main-image field-type-image field-label-hidden field-items field-item even\"><img loading=\"lazy\" decoding=\"async\" typeof=\"foaf:Image\" src=\"http:\/\/www.letemps.com.tn\/sites\/www.letemps.com.tn\/files\/styles\/620px_wide\/public\/main\/articles\/Sans titre-1-Re\u0301cupe\u0301re\u0301_993.jpg\" width=\"620\" height=\"400\" alt=\"\"\/><\/div>\n<div class=\"field field-name-body field-type-text-with-summary field-label-hidden field-items field-item even\" readability=\"54\">\n<p class=\"p1 c3\"><span class=\"c2\">La F\u00e9d\u00e9ration Tunisienne de Basket-Ball a annonc\u00e9, que le coup d\u2019envoi de la saison 2020\/2021 a \u00e9t\u00e9 avanc\u00e9 en raison du report de la ligue des champions d\u2019Afrique qui devait avoir lieu \u00e0 Kigali du 9 au 20 d\u00e9cembre.<\/span><\/p>\n<p class=\"p1 c3\"><span class=\"c2\">Pr\u00e9vue le 30 d\u00e9cembre, la premi\u00e8re journ\u00e9e du championnat national aura finalement lieu le 19 du m\u00eame mois.<\/span><\/p>\n<p class=\"p2 c4\">\u00a0<\/p>\n<p class=\"p3 c5\"><span class=\"c2\"><strong>Programme de la 1\u00e8te journ\u00e9e<\/strong><\/span><\/p>\n<p class=\"p1 c3\"><span class=\"c2\">US Monastir \u2013 Club Africain<\/span><\/p>\n<p class=\"p1 c3\"><span class=\"c2\">ES Goulette \u2013 JS Kairouan<\/span><\/p>\n<p class=\"p1 c3\"><span class=\"c2\">US Ansar \u2013 AS Hammamet<\/span><\/p>\n<p class=\"p1 c3\"><span class=\"c2\">Etoile du Sahel \u2013 Ezzahra Sports<\/span><\/p>\n<p class=\"p1 c3\"><span class=\"c2\">ES Rades \u2013 DS Grombalia<\/span><\/p>\n<p class=\"p1 c3\"><span class=\"c2\">JS Manazeh \u2013 Stade Nabeulien<\/span><\/p>\n<p class=\"p1 c3\"><span class=\"c2\"><span class=\"Apple-converted-space\">\u00a0<\/span>A noter que la coupe de la FTBB, elle se jouera du 18 novembre au 16 d\u00e9cembre.<\/span><\/p>\n<p class=\"p4 c6\"><span class=\"c2\">Ameur KERKENNI<\/span><\/p>\n<\/div>\n<\/div>\n<p>Auteur: letemps1<br \/>\n<a href=\"http:\/\/www.letemps.com.tn\/article\/118017\/le-coup-d%E2%80%99envoi-du-championnat-avanc%C3%A9-au-19-d%C3%A9cembre\">Cliquez ici pour lire l&rsquo;article depuis sa source.<\/a><\/p>\n","protected":false},"excerpt":{"rendered":"<p>Suite au report de la Ligue africaine Mardi 10 Novembre 2020 [embedded content] La F\u00e9d\u00e9ration Tunisienne de Basket-Ball a annonc\u00e9, que le coup d\u2019envoi de la saison 2020\/2021 a \u00e9t\u00e9 avanc\u00e9 en raison du report de la ligue des champions d\u2019Afrique qui devait avoir lieu \u00e0 Kigali du 9 au 20 d\u00e9cembre. Pr\u00e9vue le 30 [&hellip;]<\/p>\n","protected":false},"author":1773,"featured_media":104295,"comment_status":"closed","ping_status":"closed","sticky":false,"template":"","format":"standard","meta":{"fifu_image_url":"","fifu_image_alt":"","footnotes":""},"categories":[73,55],"tags":[],"class_list":["post-104294","post","type-post","status-publish","format-standard","has-post-thumbnail","hentry","category-actualite","category-tunisie"],"_links":{"self":[{"href":"https:\/\/linitiative.ca\/International\/wp-json\/wp\/v2\/posts\/104294","targetHints":{"allow":["GET"]}}],"collection":[{"href":"https:\/\/linitiative.ca\/International\/wp-json\/wp\/v2\/posts"}],"about":[{"href":"https:\/\/linitiative.ca\/International\/wp-json\/wp\/v2\/types\/post"}],"author":[{"embeddable":true,"href":"https:\/\/linitiative.ca\/International\/wp-json\/wp\/v2\/users\/1773"}],"replies":[{"embeddable":true,"href":"https:\/\/linitiative.ca\/International\/wp-json\/wp\/v2\/comments?post=104294"}],"version-history":[{"count":0,"href":"https:\/\/linitiative.ca\/International\/wp-json\/wp\/v2\/posts\/104294\/revisions"}],"wp:featuredmedia":[{"embeddable":true,"href":"https:\/\/linitiative.ca\/International\/wp-json\/"}],"wp:attachment":[{"href":"https:\/\/linitiative.ca\/International\/wp-json\/wp\/v2\/media?parent=104294"}],"wp:term":[{"taxonomy":"category","embeddable":true,"href":"https:\/\/linitiative.ca\/International\/wp-json\/wp\/v2\/categories?post=104294"},{"taxonomy":"post_tag","embeddable":true,"href":"https:\/\/linitiative.ca\/International\/wp-json\/wp\/v2\/tags?post=104294"}],"curies":[{"name":"wp","href":"https:\/\/api.w.org\/{rel}","templated":true}]}}