{"id":104304,"date":"2020-11-10T15:13:33","date_gmt":"2020-11-10T20:13:33","guid":{"rendered":"https:\/\/linitiative.ca\/International\/international-pour-manuel-neuer-les-joueurs-de-foot-arrivent-a-leur-limite\/"},"modified":"2020-11-10T15:13:33","modified_gmt":"2020-11-10T20:13:33","slug":"international-pour-manuel-neuer-les-joueurs-de-foot-arrivent-a-leur-limite","status":"publish","type":"post","link":"https:\/\/linitiative.ca\/International\/international-pour-manuel-neuer-les-joueurs-de-foot-arrivent-a-leur-limite\/","title":{"rendered":"International : Pour Manuel Neuer, les joueurs de foot arrivent \u00e0 leur limite"},"content":{"rendered":"<div readability=\"32\">\n<p>Auteur : <span class=\"time\">mardi 10 novembre 2020 20:45<\/span><\/p>\n<\/div>\n<div id=\"post_core\" readability=\"60\">\n<p>\u00ab\u00a0On n\u2019avait encore jamais connu une saison comme celle-l\u00e0 et j\u2019esp\u00e8re qu\u2019on n\u2019en conna\u00eetra plus !\u00a0\u00bb, a ainsi lanc\u00e9 le portier allemand, qui a rejoint sa s\u00e9lection nationale lundi pour une nouvelle salve de trois rencontres.<\/p>\n<p>\u00ab\u00a0Les joueurs de foot arrivent \u00e0 la limite de leur charge de travail \u00ab\u00a0, observe le Bavarois, et de poursuivre: \u00ab\u00a0Certains exercices \u00e0 l\u2019entra\u00eenement sont tout simplement impossibles en ce moment. Apr\u00e8s les matches, nous faisons de la r\u00e9cup\u00e9ration, ensuite un peu de tactique, le dernier galop la veille du match, et il faut d\u00e9j\u00e0 rejouer. On ne fait plus du tout les petits tournois, les mini-matches, ou le travail des duels. \u00a0\u00bb Des propos relay\u00e9s par Football.<\/p>\n<p>M\u00eame son de cloche du c\u00f4t\u00e9 du s\u00e9lectionneur de la Mannschaft, Joachim L\u00f6w : \u00ab\u00a0Les probl\u00e8mes vont s\u2019aggraver. Si nous, les entra\u00eeneurs, ne sommes pas raisonnables, nous allons avoir un \u00e9norme probl\u00e8me l\u2019an prochain. Il y a une raison, si les joueurs se blessent maintenant. D\u00e9j\u00e0 en septembre, on le voyait venir. J\u2019esp\u00e8re que les responsables des calendriers vont r\u00e9fl\u00e9chir\u00a0\u00bb.<\/p>\n<p><strong>Publi\u00e9 dans :<\/strong> <span>Neuer<\/span><\/p>\n<\/div>\n<p>Auteur:<br \/>\n<a href=\"http:\/\/www.lebuteur.com\/article\/detail?titre=pour-manuel-neuer-les-joueurs-de-foot-arrivent-a-leur-limite&#038;id=97919&#038;utm_source=feedburner&#038;utm_medium=feed&#038;utm_campaign=Feed%3A+GalerieFArtciles+%28Les+derniers+articles++-+lebuteur.com%29\">Cliquez ici pour lire l&rsquo;article depuis sa source.<\/a><\/p>\n","protected":false},"excerpt":{"rendered":"<p>Auteur : mardi 10 novembre 2020 20:45 \u00ab\u00a0On n\u2019avait encore jamais connu une saison comme celle-l\u00e0 et j\u2019esp\u00e8re qu\u2019on n\u2019en conna\u00eetra plus !\u00a0\u00bb, a ainsi lanc\u00e9 le portier allemand, qui a rejoint sa s\u00e9lection nationale lundi pour une nouvelle salve de trois rencontres. \u00ab\u00a0Les joueurs de foot arrivent \u00e0 la limite de leur charge de [&hellip;]<\/p>\n","protected":false},"author":1738,"featured_media":104305,"comment_status":"closed","ping_status":"closed","sticky":false,"template":"","format":"standard","meta":{"fifu_image_url":"","fifu_image_alt":"","footnotes":""},"categories":[53,75],"tags":[],"class_list":["post-104304","post","type-post","status-publish","format-standard","has-post-thumbnail","hentry","category-algerie","category-sport"],"_links":{"self":[{"href":"https:\/\/linitiative.ca\/International\/wp-json\/wp\/v2\/posts\/104304","targetHints":{"allow":["GET"]}}],"collection":[{"href":"https:\/\/linitiative.ca\/International\/wp-json\/wp\/v2\/posts"}],"about":[{"href":"https:\/\/linitiative.ca\/International\/wp-json\/wp\/v2\/types\/post"}],"author":[{"embeddable":true,"href":"https:\/\/linitiative.ca\/International\/wp-json\/wp\/v2\/users\/1738"}],"replies":[{"embeddable":true,"href":"https:\/\/linitiative.ca\/International\/wp-json\/wp\/v2\/comments?post=104304"}],"version-history":[{"count":0,"href":"https:\/\/linitiative.ca\/International\/wp-json\/wp\/v2\/posts\/104304\/revisions"}],"wp:featuredmedia":[{"embeddable":true,"href":"https:\/\/linitiative.ca\/International\/wp-json\/"}],"wp:attachment":[{"href":"https:\/\/linitiative.ca\/International\/wp-json\/wp\/v2\/media?parent=104304"}],"wp:term":[{"taxonomy":"category","embeddable":true,"href":"https:\/\/linitiative.ca\/International\/wp-json\/wp\/v2\/categories?post=104304"},{"taxonomy":"post_tag","embeddable":true,"href":"https:\/\/linitiative.ca\/International\/wp-json\/wp\/v2\/tags?post=104304"}],"curies":[{"name":"wp","href":"https:\/\/api.w.org\/{rel}","templated":true}]}}