{"id":104313,"date":"2020-11-10T10:45:00","date_gmt":"2020-11-10T15:45:00","guid":{"rendered":"https:\/\/linitiative.ca\/International\/selon-le-ministre-des-finances-la-relance-economique-depend-de-levolution-de-la-pandemie\/"},"modified":"2020-11-10T10:45:00","modified_gmt":"2020-11-10T15:45:00","slug":"selon-le-ministre-des-finances-la-relance-economique-depend-de-levolution-de-la-pandemie","status":"publish","type":"post","link":"https:\/\/linitiative.ca\/International\/selon-le-ministre-des-finances-la-relance-economique-depend-de-levolution-de-la-pandemie\/","title":{"rendered":"SELON LE MINISTRE DES FINANCES   : La relance \u00e9conomique d\u00e9pend de l\u2019\u00e9volution de la pand\u00e9mie"},"content":{"rendered":"<p><br id=\"sep_para_1\" class=\"sep_para access\"\/><\/p>\n<div id=\"para_1\" class=\"para_39428929 resize\">\n<div class=\"texte access firstletter\">Dans sa pr\u00e9sentation du projet de la loi des finances 2021, \u00e0 l\u2019assembl\u00e9e nationale populaire (APN), le ministre a reconnu que la relance \u00e9conomique dans les pays ne sera pas facile durant les ann\u00e9es prochaines affirmant que les autorit\u00e9s feront en sorte d\u2019un retour vers l\u2019activit\u00e9 \u00e9conomique d\u2019une mani\u00e8re \u00e0 permettre la r\u00e9cup\u00e9ration partielle des pertes d\u00fbes \u00e0 la pand\u00e9mie et l\u2019assouplissement des d\u00e9s\u00e9quilibres budg\u00e9taires interne et externes par une rationalisation profonde des d\u00e9penses. Le ministre a expliqu\u00e9 que le PLF 2021 est pr\u00e9par\u00e9 dans une conjoncture exceptionnelle et dans des conditions jamais vues, caract\u00e9ris\u00e9es par une double crise financi\u00e8re et sanitaire. Toutefois, il a soulign\u00e9 que durant l\u2019ann\u00e9e prochaine, le pays pr\u00e9voit de r\u00e9aliser une croissance de plus de 4% notamment gr\u00e2ce aux projets structurants qui seront r\u00e9alis\u00e9s dans le cadre du\u00a0 partenariat public-priv\u00e9. Mais, pour le court terme, les cons\u00e9quences de cette situation, seront d\u00e9sastreuses pour l\u2019\u00e9conomie nationale, ainsi dans son expos\u00e9 du texte devant les d\u00e9put\u00e9s, le premier argentier du pays, a soulign\u00e9 qu\u2019il est pr\u00e9vu que la valeur de la monnaie nationale connaitra une baisse de 5% chaque ann\u00e9e par rapport au dollars am\u00e9ricain, ce qui engendrera une hausse de l\u2019inflation estim\u00e9e \u00e0 plus de 4% durant les deux ann\u00e9es \u00e0 venir. Par ailleurs, les recettes des hydrocarbures seront de 23,21Mds de dollars pour l\u2019ann\u00e9e prochaine, et de 28,68 Mds de dollars en 2022. Par ailleurs, de d\u00e9ficit de la balance de paiement connaitra une am\u00e9lioration et passera \u00e0 -3,6 milliards de dollars, alors que les r\u00e9serves de changes seront de 46,84 mds\u00a0 de dollars, soit l\u2019\u00e9quivalent de 16,2 mois d\u2019importation. Toutefois, la hausse pr\u00e9vue des d\u00e9penses, durant les ann\u00e9es prochaines, rendra le d\u00e9ficit du tr\u00e9sor plus important et passera de\u00a0 15,5% du PIB en 2020, et atteindra -17,6 en 2021 et -16,7 % en 2022. Le d\u00e9ficit budg\u00e9taire lui aussi connaitra une hausse et passera de 10, 36% du PIB en PLFC 2020 \u00e0\u00a0 13,75% en 2021.<\/div>\n<\/div>\n<p>Auteur: R\u00e9flexion<br \/>\n<a href=\"https:\/\/www.reflexiondz.net\/SELON-LE-MINISTRE-DES-FINANCES-La-relance-economique-depend-de-l-evolution-de-la-pandemie_a66233.html\">Cliquez ici pour lire l&rsquo;article depuis sa source.<\/a><\/p>\n","protected":false},"excerpt":{"rendered":"<p>Dans sa pr\u00e9sentation du projet de la loi des finances 2021, \u00e0 l\u2019assembl\u00e9e nationale populaire (APN), le ministre a reconnu que la relance \u00e9conomique dans les pays ne sera pas facile durant les ann\u00e9es prochaines affirmant que les autorit\u00e9s feront en sorte d\u2019un retour vers l\u2019activit\u00e9 \u00e9conomique d\u2019une mani\u00e8re \u00e0 permettre la r\u00e9cup\u00e9ration partielle des [&hellip;]<\/p>\n","protected":false},"author":1740,"featured_media":0,"comment_status":"closed","ping_status":"closed","sticky":false,"template":"","format":"standard","meta":{"fifu_image_url":"","fifu_image_alt":"","footnotes":""},"categories":[53,76],"tags":[],"class_list":["post-104313","post","type-post","status-publish","format-standard","hentry","category-algerie","category-regions"],"_links":{"self":[{"href":"https:\/\/linitiative.ca\/International\/wp-json\/wp\/v2\/posts\/104313","targetHints":{"allow":["GET"]}}],"collection":[{"href":"https:\/\/linitiative.ca\/International\/wp-json\/wp\/v2\/posts"}],"about":[{"href":"https:\/\/linitiative.ca\/International\/wp-json\/wp\/v2\/types\/post"}],"author":[{"embeddable":true,"href":"https:\/\/linitiative.ca\/International\/wp-json\/wp\/v2\/users\/1740"}],"replies":[{"embeddable":true,"href":"https:\/\/linitiative.ca\/International\/wp-json\/wp\/v2\/comments?post=104313"}],"version-history":[{"count":0,"href":"https:\/\/linitiative.ca\/International\/wp-json\/wp\/v2\/posts\/104313\/revisions"}],"wp:attachment":[{"href":"https:\/\/linitiative.ca\/International\/wp-json\/wp\/v2\/media?parent=104313"}],"wp:term":[{"taxonomy":"category","embeddable":true,"href":"https:\/\/linitiative.ca\/International\/wp-json\/wp\/v2\/categories?post=104313"},{"taxonomy":"post_tag","embeddable":true,"href":"https:\/\/linitiative.ca\/International\/wp-json\/wp\/v2\/tags?post=104313"}],"curies":[{"name":"wp","href":"https:\/\/api.w.org\/{rel}","templated":true}]}}