{"id":104314,"date":"2020-11-10T10:45:00","date_gmt":"2020-11-10T15:45:00","guid":{"rendered":"https:\/\/linitiative.ca\/International\/sidi-boutouchent-tissemsilt-douar-el-akarem-revendique-sa-part-du-developpement\/"},"modified":"2020-11-10T10:45:00","modified_gmt":"2020-11-10T15:45:00","slug":"sidi-boutouchent-tissemsilt-douar-el-akarem-revendique-sa-part-du-developpement","status":"publish","type":"post","link":"https:\/\/linitiative.ca\/International\/sidi-boutouchent-tissemsilt-douar-el-akarem-revendique-sa-part-du-developpement\/","title":{"rendered":"SIDI-BOUTOUCHENT (TISSEMSILT) : Douar El-Akarem revendique sa part du d\u00e9veloppement"},"content":{"rendered":"<p><br id=\"sep_para_1\" class=\"sep_para access\"\/><\/p>\n<div id=\"para_1\" class=\"para_39428855 resize\">\n<div class=\"photo shadow left\"><a href=\"javascript:void(0)\" rel=\"https:\/\/www.reflexiondz.net\/photo\/art\/grande\/51345809-39428855.jpg?v=1605024667&amp;ibox\" title=\"SIDI-BOUTOUCHENT (TISSEMSILT) : Douar El-Akarem revendique sa part du d\u00e9veloppement\"><img decoding=\"async\" class=\"responsive c9\" src=\"https:\/\/www.reflexiondz.net\/photo\/art\/grande\/51345809-39428855.jpg?v=1605024667\" alt=\"SIDI-BOUTOUCHENT (TISSEMSILT) : Douar El-Akarem revendique sa part du d\u00e9veloppement\" title=\"SIDI-BOUTOUCHENT (TISSEMSILT) : Douar El-Akarem revendique sa part du d\u00e9veloppement\"\/><img decoding=\"async\" class=\"not-responsive\" src=\"https:\/\/www.reflexiondz.net\/photo\/art\/default\/51345809-39428855.jpg?v=1605024669\" alt=\"SIDI-BOUTOUCHENT (TISSEMSILT) : Douar El-Akarem revendique sa part du d\u00e9veloppement\" title=\"SIDI-BOUTOUCHENT (TISSEMSILT) : Douar El-Akarem revendique sa part du d\u00e9veloppement\"\/><\/a><\/div>\n<div class=\"texte access firstletter\">La premi\u00e8re chose qui frappe le regard dans ce douar donne l\u2019impression d\u2019une bourgade oubli\u00e9e qui n\u2019a pas encore vu le d\u00e9veloppement, elle cherche d\u00e9sesp\u00e9r\u00e9ment un d\u00e9veloppement qui tarde \u00e0 se faire. D\u2019abord la seule route qui m\u00e8ne au douar sur une distance de pr\u00e8s de huit kilom\u00e8tres est dans un \u00e9tat de d\u00e9gradation avanc\u00e9e, son impraticabilit\u00e9 est un s\u00e9rieux probl\u00e8me pour les d\u00e9placements des habitants notamment pour les \u00e9coliers en p\u00e9riode hivernale. L\u2019absence de transport des \u00e9coliers est un probl\u00e8me qui les p\u00e9nalise au plus grand degr\u00e9 pourtant affirment-ils, la demande de r\u00e9fection de cette route a toujours \u00e9t\u00e9 la seule urgence pour ce douar mais les suites n\u2019ont toujours pas suivi. A l\u2019int\u00e9rieur de douar, des rues boueuses et bourbeuses le tout dans un d\u00e9cor qui fait penser\u00a0 \u00e0 l\u2019\u00e8re coloniale. L\u2019absence de projets et de dynamisme ont s\u00e9rieusement retard\u00e9 l\u2019\u00e9panouissement de douar, certains habitants\u00a0 nous ont affirm\u00e9 que la scolarit\u00e9 des enfants est des plus difficiles, ils endurent toutes les difficult\u00e9s du monde quant au centre de soins, lui aussi est ferm\u00e9,\u00a0 dont l\u2019appartement est aussi squatt\u00e9 par un citoyen. Bien \u00e9videmment, en constatant ces d\u00e9passements et ces dysfonctionnements, la connivence\u00a0 entre les b\u00e9n\u00e9ficiaires de ces situations et des responsables est claire et visible pour celui qui cherche \u00e0 savoir les causes de ce retard et ce sous d\u00e9veloppement. Au regard du potentiel agricole de cette r\u00e9gion, les jeunes auraient pu tirer le meilleur de ces atouts. Les habitants affirment que les requ\u00eates et les dol\u00e9ances d\u00e9pos\u00e9es aupr\u00e8s des parties concern\u00e9es n\u2019ont jamais eu de suites favorables et le mot d\u00e9veloppement n\u2019est qu\u2019une chim\u00e8re, les responsables affirment-ils, les renvoient toujours aux plus hautes autorit\u00e9s de la wilaya pr\u00e9textant que la situation les d\u00e9passe. Un autre fait curieux qui caract\u00e9rise cette zone d\u2019ombre, les gens affirment qu\u2019en p\u00e9riode hivernale, parfois ils restent plus de dix jours dans le noir. Les autres hantises de ces habitants sont multiples, elles vont de l\u2019isolement \u00e0 l\u2019absence des opportunit\u00e9s de travail \u00e0 l\u2019absence de l\u2019\u00e9clairage public. En somme, rien ne peut cacher la mis\u00e8re de ce douar, les habitants affirment qu\u2019ils sont dans l\u2019\u2019isolement et le sous d\u00e9veloppement. Une situation r\u00e9ellement d\u00e9sastreuse qui n\u00e9cessite une intervention urgente de la part du wali afin de soulager la souffrance de ces habitants et les faire profiter de certains projets d\u2019utilit\u00e9 publique&#8230;<\/div>\n<\/div>\n<p>Auteur: Sahraoui Lahcene<br \/>\n<a href=\"https:\/\/www.reflexiondz.net\/SIDI-BOUTOUCHENT-TISSEMSILT-Douar-El-Akarem-revendique-sa-part-du-developpement_a66227.html\">Cliquez ici pour lire l&rsquo;article depuis sa source.<\/a><\/p>\n","protected":false},"excerpt":{"rendered":"<p>La premi\u00e8re chose qui frappe le regard dans ce douar donne l\u2019impression d\u2019une bourgade oubli\u00e9e qui n\u2019a pas encore vu le d\u00e9veloppement, elle cherche d\u00e9sesp\u00e9r\u00e9ment un d\u00e9veloppement qui tarde \u00e0 se faire. D\u2019abord la seule route qui m\u00e8ne au douar sur une distance de pr\u00e8s de huit kilom\u00e8tres est dans un \u00e9tat de d\u00e9gradation avanc\u00e9e, [&hellip;]<\/p>\n","protected":false},"author":1740,"featured_media":0,"comment_status":"closed","ping_status":"closed","sticky":false,"template":"","format":"standard","meta":{"fifu_image_url":"","fifu_image_alt":"","footnotes":""},"categories":[53,76],"tags":[],"class_list":["post-104314","post","type-post","status-publish","format-standard","hentry","category-algerie","category-regions"],"_links":{"self":[{"href":"https:\/\/linitiative.ca\/International\/wp-json\/wp\/v2\/posts\/104314","targetHints":{"allow":["GET"]}}],"collection":[{"href":"https:\/\/linitiative.ca\/International\/wp-json\/wp\/v2\/posts"}],"about":[{"href":"https:\/\/linitiative.ca\/International\/wp-json\/wp\/v2\/types\/post"}],"author":[{"embeddable":true,"href":"https:\/\/linitiative.ca\/International\/wp-json\/wp\/v2\/users\/1740"}],"replies":[{"embeddable":true,"href":"https:\/\/linitiative.ca\/International\/wp-json\/wp\/v2\/comments?post=104314"}],"version-history":[{"count":0,"href":"https:\/\/linitiative.ca\/International\/wp-json\/wp\/v2\/posts\/104314\/revisions"}],"wp:attachment":[{"href":"https:\/\/linitiative.ca\/International\/wp-json\/wp\/v2\/media?parent=104314"}],"wp:term":[{"taxonomy":"category","embeddable":true,"href":"https:\/\/linitiative.ca\/International\/wp-json\/wp\/v2\/categories?post=104314"},{"taxonomy":"post_tag","embeddable":true,"href":"https:\/\/linitiative.ca\/International\/wp-json\/wp\/v2\/tags?post=104314"}],"curies":[{"name":"wp","href":"https:\/\/api.w.org\/{rel}","templated":true}]}}