{"id":104315,"date":"2020-11-10T10:45:00","date_gmt":"2020-11-10T15:45:00","guid":{"rendered":"https:\/\/linitiative.ca\/International\/el-bayadh-saisie-de-pres-de-25-kg-de-kif-a-chellala\/"},"modified":"2020-11-10T10:45:00","modified_gmt":"2020-11-10T15:45:00","slug":"el-bayadh-saisie-de-pres-de-25-kg-de-kif-a-chellala","status":"publish","type":"post","link":"https:\/\/linitiative.ca\/International\/el-bayadh-saisie-de-pres-de-25-kg-de-kif-a-chellala\/","title":{"rendered":"EL-BAYADH : Saisie de pr\u00e8s de  2,5 kg de kif \u00e0 Chellala"},"content":{"rendered":"<p><br id=\"sep_para_1\" class=\"sep_para access\"\/><\/p>\n<div id=\"para_1\" class=\"para_39428886 resize\">\n<div class=\"texte access firstletter\">Les \u00e9l\u00e9ments de la s\u00fbret\u00e9 de da\u00efra de Chellala, 86 km \u00e0 l&rsquo;ouest du chef-lieu de wilaya d&rsquo;El-Bayadh, viennent de d\u00e9jouer la tentative d&rsquo;introduction d&rsquo;une quantit\u00e9 de kif trait\u00e9 \u00e0 l&rsquo;int\u00e9rieur du territoire de la wilaya d&rsquo;El-Bayadh en provenance de la wilaya de Na\u00e2ma. C&rsquo;est au niveau d\u2019un barrage de contr\u00f4le routier dress\u00e9 \u00e0 l&rsquo;entr\u00e9e sud de la ville de Chellala que l&rsquo;attention des policiers\u00a0 fut attir\u00e9e par un v\u00e9hicule de marque Hyundai Accent conduit par un multir\u00e9cidiviste. La fouille du v\u00e9hicule et de son conducteur \u00e2g\u00e9 de 4 ans a permis de saisir 25 plaquettes de kif trait\u00e9 d\u2019un pesant global de 2,400 kg.\u00a0 Le mis en cause dans cette affaire sera prochainement pr\u00e9sent\u00e9 par devant les instances judiciaires pr\u00e8s le tribunal d&rsquo;El Biodh Sid Cheikh.\u00a0\u00a0\u00a0\u00a0\u00a0\u00a0\u00a0\u00a0\u00a0\u00a0\u00a0\u00a0<\/div>\n<\/div>\n<p>Auteur: Ahmed Messaoud<br \/>\n<a href=\"https:\/\/www.reflexiondz.net\/EL-BAYADH-Saisie-de-pres-de-25-kg-de-kif-a-Chellala_a66230.html\">Cliquez ici pour lire l&rsquo;article depuis sa source.<\/a><\/p>\n","protected":false},"excerpt":{"rendered":"<p>Les \u00e9l\u00e9ments de la s\u00fbret\u00e9 de da\u00efra de Chellala, 86 km \u00e0 l&rsquo;ouest du chef-lieu de wilaya d&rsquo;El-Bayadh, viennent de d\u00e9jouer la tentative d&rsquo;introduction d&rsquo;une quantit\u00e9 de kif trait\u00e9 \u00e0 l&rsquo;int\u00e9rieur du territoire de la wilaya d&rsquo;El-Bayadh en provenance de la wilaya de Na\u00e2ma. C&rsquo;est au niveau d\u2019un barrage de contr\u00f4le routier dress\u00e9 \u00e0 l&rsquo;entr\u00e9e [&hellip;]<\/p>\n","protected":false},"author":1740,"featured_media":0,"comment_status":"closed","ping_status":"closed","sticky":false,"template":"","format":"standard","meta":{"fifu_image_url":"","fifu_image_alt":"","footnotes":""},"categories":[53,76],"tags":[],"class_list":["post-104315","post","type-post","status-publish","format-standard","hentry","category-algerie","category-regions"],"_links":{"self":[{"href":"https:\/\/linitiative.ca\/International\/wp-json\/wp\/v2\/posts\/104315","targetHints":{"allow":["GET"]}}],"collection":[{"href":"https:\/\/linitiative.ca\/International\/wp-json\/wp\/v2\/posts"}],"about":[{"href":"https:\/\/linitiative.ca\/International\/wp-json\/wp\/v2\/types\/post"}],"author":[{"embeddable":true,"href":"https:\/\/linitiative.ca\/International\/wp-json\/wp\/v2\/users\/1740"}],"replies":[{"embeddable":true,"href":"https:\/\/linitiative.ca\/International\/wp-json\/wp\/v2\/comments?post=104315"}],"version-history":[{"count":0,"href":"https:\/\/linitiative.ca\/International\/wp-json\/wp\/v2\/posts\/104315\/revisions"}],"wp:attachment":[{"href":"https:\/\/linitiative.ca\/International\/wp-json\/wp\/v2\/media?parent=104315"}],"wp:term":[{"taxonomy":"category","embeddable":true,"href":"https:\/\/linitiative.ca\/International\/wp-json\/wp\/v2\/categories?post=104315"},{"taxonomy":"post_tag","embeddable":true,"href":"https:\/\/linitiative.ca\/International\/wp-json\/wp\/v2\/tags?post=104315"}],"curies":[{"name":"wp","href":"https:\/\/api.w.org\/{rel}","templated":true}]}}