{"id":104316,"date":"2020-11-10T05:33:00","date_gmt":"2020-11-10T10:33:00","guid":{"rendered":"https:\/\/linitiative.ca\/International\/lacceleration-digitale-des-transports-publics-examinee-par-le-ministre-des-transports-et-de-la-logistique-et-une-delegation-de-huawei\/"},"modified":"2020-11-10T05:33:00","modified_gmt":"2020-11-10T10:33:00","slug":"lacceleration-digitale-des-transports-publics-examinee-par-le-ministre-des-transports-et-de-la-logistique-et-une-delegation-de-huawei","status":"publish","type":"post","link":"https:\/\/linitiative.ca\/International\/lacceleration-digitale-des-transports-publics-examinee-par-le-ministre-des-transports-et-de-la-logistique-et-une-delegation-de-huawei\/","title":{"rendered":"L\u2019acc\u00e9l\u00e9ration digitale des transports publics examin\u00e9e par le ministre des Transports et de la Logistique et une d\u00e9l\u00e9gation de Huawei"},"content":{"rendered":"<p>Les solutions technologiques innovantes pour les ports, a\u00e9roports et autres infrastructures et modes de transports publics ont \u00e9t\u00e9 au centre de la s\u00e9ance de travail pr\u00e9sid\u00e9e par le ministre des Transports et de la Logistique, Moez Chakchouk, avec une d\u00e9l\u00e9gation de Huawei Tunisie. \u00ab Qu\u2019il s\u2019agisse \u00e9galement de transport ferroviaire ou de logistique \u00e9cologique, ces avanc\u00e9es de pointe d\u00e9velopp\u00e9es par la firme chinoise leader mondial sont \u00e0 m\u00eame de contribuer utilement \u00e0 l\u2019acc\u00e9l\u00e9ration de la transformation digitale de la Tunisie. \u00bb C\u2019est ce qu\u2019a soulign\u00e9 Adnane Ben Halima, vice-pr\u00e9sident de la compagnie, en charge des affaires publiques, pour la r\u00e9gion Afrique et M\u00e9diterran\u00e9e.<\/p>\n<p class=\"c2\"><img decoding=\"async\" src=\"\/uploads\/FCK_files\/123651502_3508837695876451_5861666018804839725_n.jpg\" alt=\"\" width=\"100%\" vspace=\"5\" hspace=\"5\" align=\"middle\"\/><\/p>\n<p>Le ministre des Transports et de la logistique qui \u00e9tait entour\u00e9 \u00e0 cette occasion par de hauts cadres de son d\u00e9partement ainsi que le pr\u00e9sident directeur g\u00e9n\u00e9ral de l\u2019OMMP (Office de la Marine Marchande et des Ports), Mahmoud Bouziri, a \u00e9t\u00e9 particuli\u00e8rement attentif \u00e0 la pr\u00e9sentation des plateformes digitales (Big data, IA, IOT, 5G, Cloud) s\u2019inscrivant dans une vision du transport autour d\u2019un hub complet et int\u00e9gr\u00e9. Cette architecture repose sur trois imp\u00e9ratifs majeurs \u00e0 savoir s\u00e9curit\u00e9, efficacit\u00e9 et exp\u00e9rience probante du d\u00e9ploiement. Huawei entend promouvoir une coop\u00e9ration gagnant-gagnant pour un transport intelligent, fond\u00e9e sur les meilleures pratiques, un partage d&rsquo;exp\u00e9rience et \u00e9galement la formation des talents. En outre, il s\u2019agit de d\u00e9velopper l\u2019innovation commune et la collaboration fructueuse avec ses partenaires locaux.<\/p>\n<p>Passant en revue l\u2019avancement du projet initi\u00e9 par l\u2019OMPP dans les ports de Rad\u00e8s, la Goulette et Bizerte, M. Chakchouk a soulign\u00e9 son caract\u00e8re pionnier dans la transformation digitale du transport public en Tunisie. \u00ab Les \u00e9quipes doivent \u0153uvrer efficacement, a-t-il indiqu\u00e9, pour faire aboutir la r\u00e9alisation de ce projet avant fin de l\u2019ann\u00e9e en cours. Aucun effort ne sera \u00e9pargn\u00e9 pour surmonter toute difficult\u00e9 rencontr\u00e9e et l\u2019appui du minist\u00e8re est totalement acquis \u00e0 cet effet. \u00bb<\/p>\n<p class=\"c2\">\u00a0<\/p>\n<p>Auteur:<br \/>\n<a href=\"https:\/\/www.leaders.com.tn\/article\/30901-l-acceleration-digitale-des-transports-publics-examinee-par-le-ministre-des-transports-et-de-la-logistique-et-une-delegation-de-huawei\">Cliquez ici pour lire l&rsquo;article depuis sa source.<\/a><\/p>\n","protected":false},"excerpt":{"rendered":"<p>Les solutions technologiques innovantes pour les ports, a\u00e9roports et autres infrastructures et modes de transports publics ont \u00e9t\u00e9 au centre de la s\u00e9ance de travail pr\u00e9sid\u00e9e par le ministre des Transports et de la Logistique, Moez Chakchouk, avec une d\u00e9l\u00e9gation de Huawei Tunisie. \u00ab Qu\u2019il s\u2019agisse \u00e9galement de transport ferroviaire ou de logistique \u00e9cologique, ces [&hellip;]<\/p>\n","protected":false},"author":1772,"featured_media":104317,"comment_status":"closed","ping_status":"closed","sticky":false,"template":"","format":"standard","meta":{"fifu_image_url":"","fifu_image_alt":"","footnotes":""},"categories":[73,55],"tags":[],"class_list":["post-104316","post","type-post","status-publish","format-standard","has-post-thumbnail","hentry","category-actualite","category-tunisie"],"_links":{"self":[{"href":"https:\/\/linitiative.ca\/International\/wp-json\/wp\/v2\/posts\/104316","targetHints":{"allow":["GET"]}}],"collection":[{"href":"https:\/\/linitiative.ca\/International\/wp-json\/wp\/v2\/posts"}],"about":[{"href":"https:\/\/linitiative.ca\/International\/wp-json\/wp\/v2\/types\/post"}],"author":[{"embeddable":true,"href":"https:\/\/linitiative.ca\/International\/wp-json\/wp\/v2\/users\/1772"}],"replies":[{"embeddable":true,"href":"https:\/\/linitiative.ca\/International\/wp-json\/wp\/v2\/comments?post=104316"}],"version-history":[{"count":0,"href":"https:\/\/linitiative.ca\/International\/wp-json\/wp\/v2\/posts\/104316\/revisions"}],"wp:featuredmedia":[{"embeddable":true,"href":"https:\/\/linitiative.ca\/International\/wp-json\/"}],"wp:attachment":[{"href":"https:\/\/linitiative.ca\/International\/wp-json\/wp\/v2\/media?parent=104316"}],"wp:term":[{"taxonomy":"category","embeddable":true,"href":"https:\/\/linitiative.ca\/International\/wp-json\/wp\/v2\/categories?post=104316"},{"taxonomy":"post_tag","embeddable":true,"href":"https:\/\/linitiative.ca\/International\/wp-json\/wp\/v2\/tags?post=104316"}],"curies":[{"name":"wp","href":"https:\/\/api.w.org\/{rel}","templated":true}]}}