{"id":104323,"date":"2020-11-10T05:00:00","date_gmt":"2020-11-10T10:00:00","guid":{"rendered":"https:\/\/linitiative.ca\/International\/les-citoyens-interpellent-le-wali\/"},"modified":"2020-11-10T05:00:00","modified_gmt":"2020-11-10T10:00:00","slug":"les-citoyens-interpellent-le-wali","status":"publish","type":"post","link":"https:\/\/linitiative.ca\/International\/les-citoyens-interpellent-le-wali\/","title":{"rendered":"Les citoyens interpellent le wali"},"content":{"rendered":"<p>Plusieurs demandeurs de logement social, vivant dans des conditions pr\u00e9caires, sont impatients de voir les listes affich\u00e9es, tant le suspense perdure.<br \/>Les citoyens ont interpell\u00e9 les pouvoirs publics concernant la suite qui a \u00e9t\u00e9 donn\u00e9e aux nombreux dossiers d\u00e9pos\u00e9s au niveau des services techniques, sans qu&rsquo;ils soient inform\u00e9s des d\u00e9tails des enqu\u00eates entam\u00e9es par les services concern\u00e9s de la da\u00efra. C&rsquo;est ce que nous dira l&rsquo;un des postulants, en affirmant : \u00abCela fait plusieurs ann\u00e9es que nous avons d\u00e9pos\u00e9 des dossiers pour b\u00e9n\u00e9ficier d&rsquo;un logement social, mais \u00e0 ce jour, nous n&rsquo;avons re\u00e7u aucune r\u00e9ponse. D&rsquo;ailleurs, on a m\u00eame constat\u00e9 que la proc\u00e9dure de l&rsquo;\u00e9tude a beaucoup tard\u00e9, et c&rsquo;est pour cela que nous avons d\u00e9cid\u00e9 de faire appel aux pouvoirs publics pour acc\u00e9l\u00e9rer les d\u00e9marches, surtout que la majorit\u00e9 est dans le besoin, vu sa situation sociale d\u00e9plorable.\u00bb De leur c\u00f4t\u00e9, les responsables de la da\u00efra estiment que l\u2019\u00e9tude des dossiers se fera le plus normalement du monde, c\u2019est une question de temps. Dans un autre registre, les \u00e9lus locaux ont profit\u00e9 de cette occasion pour lancer un appel en direction des services de la wilaya afin de revoir \u00e0 la hausse le nombre de logements octroy\u00e9s \u00e0 la wilaya de Relizane. Cependant, bien que les demandeurs d\u2019autres localit\u00e9s, \u00e0 l\u2019instar de Zemmoura, Yellel, Djdiouia, Mazouna, Sidi M\u2019hamed-Benali et Ouarizane, ont \u00e9t\u00e9 satisfaits durant le dernier semestre de cette ann\u00e9e. Il n\u2019en demeure pas moins que la place publique semble s\u2019embrouiller quant au retard accus\u00e9 pour l\u2019affichage de la prochaine liste.<br \/>A. Rahmane<\/p>\n<p>Auteur:<br \/>\n<a href=\"https:\/\/www.lesoirdalgerie.com\/regions\/les-citoyens-interpellent-le-wali-51204\">Cliquez ici pour lire l&rsquo;article depuis sa source.<\/a><\/p>\n","protected":false},"excerpt":{"rendered":"<p>Plusieurs demandeurs de logement social, vivant dans des conditions pr\u00e9caires, sont impatients de voir les listes affich\u00e9es, tant le suspense perdure.Les citoyens ont interpell\u00e9 les pouvoirs publics concernant la suite qui a \u00e9t\u00e9 donn\u00e9e aux nombreux dossiers d\u00e9pos\u00e9s au niveau des services techniques, sans qu&rsquo;ils soient inform\u00e9s des d\u00e9tails des enqu\u00eates entam\u00e9es par les services [&hellip;]<\/p>\n","protected":false},"author":1741,"featured_media":0,"comment_status":"closed","ping_status":"closed","sticky":false,"template":"","format":"standard","meta":{"fifu_image_url":"","fifu_image_alt":"","footnotes":""},"categories":[73,53],"tags":[],"class_list":["post-104323","post","type-post","status-publish","format-standard","hentry","category-actualite","category-algerie"],"_links":{"self":[{"href":"https:\/\/linitiative.ca\/International\/wp-json\/wp\/v2\/posts\/104323","targetHints":{"allow":["GET"]}}],"collection":[{"href":"https:\/\/linitiative.ca\/International\/wp-json\/wp\/v2\/posts"}],"about":[{"href":"https:\/\/linitiative.ca\/International\/wp-json\/wp\/v2\/types\/post"}],"author":[{"embeddable":true,"href":"https:\/\/linitiative.ca\/International\/wp-json\/wp\/v2\/users\/1741"}],"replies":[{"embeddable":true,"href":"https:\/\/linitiative.ca\/International\/wp-json\/wp\/v2\/comments?post=104323"}],"version-history":[{"count":0,"href":"https:\/\/linitiative.ca\/International\/wp-json\/wp\/v2\/posts\/104323\/revisions"}],"wp:attachment":[{"href":"https:\/\/linitiative.ca\/International\/wp-json\/wp\/v2\/media?parent=104323"}],"wp:term":[{"taxonomy":"category","embeddable":true,"href":"https:\/\/linitiative.ca\/International\/wp-json\/wp\/v2\/categories?post=104323"},{"taxonomy":"post_tag","embeddable":true,"href":"https:\/\/linitiative.ca\/International\/wp-json\/wp\/v2\/tags?post=104323"}],"curies":[{"name":"wp","href":"https:\/\/api.w.org\/{rel}","templated":true}]}}