{"id":104325,"date":"2020-11-10T05:00:00","date_gmt":"2020-11-10T10:00:00","guid":{"rendered":"https:\/\/linitiative.ca\/International\/journee-detude-sur-la-tomate-industrielle-a-el-esnam\/"},"modified":"2020-11-10T05:00:00","modified_gmt":"2020-11-10T10:00:00","slug":"journee-detude-sur-la-tomate-industrielle-a-el-esnam","status":"publish","type":"post","link":"https:\/\/linitiative.ca\/International\/journee-detude-sur-la-tomate-industrielle-a-el-esnam\/","title":{"rendered":"Journ\u00e9e d\u2019\u00e9tude sur la tomate industrielle \u00e0 El Esnam"},"content":{"rendered":"<p>L\u2019Association des fellahs du plateau d\u2019El Esnam ne cesse de multiplier les initiatives \u00e0 l\u2019endroit des agriculteurs de cette r\u00e9gion et de toute la wilaya. Ainsi, et apr\u00e8s les diff\u00e9rentes actions entreprises pour c\u00e9l\u00e9brer la f\u00eate des moissons-battages, puis celle des labours-semailles, la voil\u00e0 qui programme une s\u00e9rie de journ\u00e9es d\u2019\u00e9tudes, touchant \u00e0 l\u2019innovation dans le secteur de l\u2019agriculture.<br \/>Ainsi, et sous le slogan r\u00e9v\u00e9lateur \u00abL\u2019agriculture \u00e0 El Esnam ; Horizon 3000\u00bb, l\u2019Association pr\u00e9sid\u00e9e par Kaci Mustapha, ex-cadre de la jeunesse et des sports, aujourd\u2019hui \u00e0 la retraite bien m\u00e9rit\u00e9e, et reconverti \u00e0 l&rsquo;agriculture (h\u00e9ritage de vastes champs fertiles au niveau de ce plateau d&rsquo;El Esnam), a organis\u00e9 samedi, au niveau de la biblioth\u00e8que communale d\u2019El Esnam, une journ\u00e9e d\u2019\u00e9tude sous le th\u00e8me \u00abLa culture de la tomate industrielle dans le plateau d\u2019El Esnam\u00bb. Des terres des plus fertiles \u00e0 l&rsquo;\u00e9chelle de la wilaya et qui s&rsquo;\u00e9tendent sur plus de 2 400 hectares, dont plus 1 000 hectares sont d\u00e9j\u00e0 d\u00e9di\u00e9s \u00e0 la culture de la pomme de terre, laquelle avec le plateau des Aribs dans la r\u00e9gion de A\u00efn Bessem, fait de cette fili\u00e8re l\u2019une des plus productives, en pla\u00e7ant la wilaya parmi les cinq premi\u00e8res \u00e0 l&rsquo;\u00e9chelle nationale.<br \/>Aussi, et pour cr\u00e9er une autre dynamique dans d\u2019autres fili\u00e8res, et puisque le plateau d\u2019El Esnam poss\u00e8de, selon le d\u00e9l\u00e9gu\u00e9 communal charg\u00e9 de l\u2019agriculture aupr\u00e8s de la DSA de Bouira, quelque 1 600 hectares d\u00e9di\u00e9s \u00e0 la culture mara\u00eech\u00e8re, l\u2019Association a vu utile d&rsquo;inviter le maximum de professionnels pour la culture de la tomate industrielle. Ce, d\u2019autant plus qu\u2019un industriel implant\u00e9 \u00e0 El Hachimia, \u00e9tait pr\u00e9sent \u00e0 cette journ\u00e9e d\u2019\u00e9tude, pour garantir \u00e0 ceux, d\u00e9sireux de se lancer dans cette culture, l&rsquo;achat de la totalit\u00e9 de la production.<br \/>Durant cette journ\u00e9e, plusieurs acteurs pouvant int\u00e9resser les professionnels dans cette culture de la tomate industrielle, \u00e9taient convi\u00e9s, \u00e0 l\u2019instar du directeur de la CRMA, qui a longuement expliqu\u00e9 les diff\u00e9rentes assurances pouvant leur garantir les d\u00e9dommagements de toutes catastrophes pouvant survenir lors de la culture ; le responsable de la Badr qui a rappel\u00e9 toutes les facilit\u00e9s pour b\u00e9n\u00e9ficier de cr\u00e9dits, celui d\u2019Asmidal pour les engrais, et ceux des laboratoires pour pr\u00e9senter les produits phytosanitaires.<br \/>Le tout avec des experts qui ont expliqu\u00e9 les itin\u00e9raires techniques pouvant garantir un rendement de plus de 1 200 quintaux et plus, \u00e0 l\u2019hectare ; \u00abce qui est largement rentable pour ceux qui veulent opter pour ce cr\u00e9neau\u00bb, diront-ils \u00e0 l\u2019endroit de la quarantaine de professionnels pr\u00e9sents, venus des quatre coins de la wilaya et m\u00eame de Boumerd\u00e8s, Blida et M\u00e9d\u00e9a, int\u00e9ress\u00e9s par cette culture industrielle.<br \/>D&rsquo;autres th\u00e8mes sont pr\u00e9vus dans les jours et semaines \u00e0 venir, dont entre autres, \u00abl\u2019aquaculture int\u00e9gr\u00e9e au niveau du plateau d\u2019El Esnam\u00bb qui aura lieu le mercredi 11 novembre, \u00abLa cr\u00e9ation des coop\u00e9ratives \u00e0 El Esnam\u00bb qui aura lieu le 18 novembre prochain, et enfin, \u00abces d\u00e9chets des huileries ; grignon et margine, m\u00e9thode de recyclage, de r\u00e9cup\u00e9ration et de transformation\u00bb.<br \/>Autant de th\u00e8mes int\u00e9ressants dont les agriculteurs ont grandement besoin pour faire face aux d\u00e9fis de la mondialisation avec la n\u00e9cessit\u00e9 de moderniser les m\u00e9thodes de cultures mara\u00eech\u00e8res.<br \/>Y. Y.<\/p>\n<p>Auteur:<br \/>\n<a href=\"https:\/\/www.lesoirdalgerie.com\/regions\/journee-detude-sur-la-tomate-industrielle-a-el-esnam-51202\">Cliquez ici pour lire l&rsquo;article depuis sa source.<\/a><\/p>\n","protected":false},"excerpt":{"rendered":"<p>L\u2019Association des fellahs du plateau d\u2019El Esnam ne cesse de multiplier les initiatives \u00e0 l\u2019endroit des agriculteurs de cette r\u00e9gion et de toute la wilaya. Ainsi, et apr\u00e8s les diff\u00e9rentes actions entreprises pour c\u00e9l\u00e9brer la f\u00eate des moissons-battages, puis celle des labours-semailles, la voil\u00e0 qui programme une s\u00e9rie de journ\u00e9es d\u2019\u00e9tudes, touchant \u00e0 l\u2019innovation dans [&hellip;]<\/p>\n","protected":false},"author":1741,"featured_media":0,"comment_status":"closed","ping_status":"closed","sticky":false,"template":"","format":"standard","meta":{"fifu_image_url":"","fifu_image_alt":"","footnotes":""},"categories":[73,53],"tags":[],"class_list":["post-104325","post","type-post","status-publish","format-standard","hentry","category-actualite","category-algerie"],"_links":{"self":[{"href":"https:\/\/linitiative.ca\/International\/wp-json\/wp\/v2\/posts\/104325","targetHints":{"allow":["GET"]}}],"collection":[{"href":"https:\/\/linitiative.ca\/International\/wp-json\/wp\/v2\/posts"}],"about":[{"href":"https:\/\/linitiative.ca\/International\/wp-json\/wp\/v2\/types\/post"}],"author":[{"embeddable":true,"href":"https:\/\/linitiative.ca\/International\/wp-json\/wp\/v2\/users\/1741"}],"replies":[{"embeddable":true,"href":"https:\/\/linitiative.ca\/International\/wp-json\/wp\/v2\/comments?post=104325"}],"version-history":[{"count":0,"href":"https:\/\/linitiative.ca\/International\/wp-json\/wp\/v2\/posts\/104325\/revisions"}],"wp:attachment":[{"href":"https:\/\/linitiative.ca\/International\/wp-json\/wp\/v2\/media?parent=104325"}],"wp:term":[{"taxonomy":"category","embeddable":true,"href":"https:\/\/linitiative.ca\/International\/wp-json\/wp\/v2\/categories?post=104325"},{"taxonomy":"post_tag","embeddable":true,"href":"https:\/\/linitiative.ca\/International\/wp-json\/wp\/v2\/tags?post=104325"}],"curies":[{"name":"wp","href":"https:\/\/api.w.org\/{rel}","templated":true}]}}