{"id":104326,"date":"2020-11-10T05:00:00","date_gmt":"2020-11-10T10:00:00","guid":{"rendered":"https:\/\/linitiative.ca\/International\/suite-aux-incendies-de-foret-une%e2%80%88campagne%e2%80%88de-nettoyage-lancee\/"},"modified":"2020-11-10T05:00:00","modified_gmt":"2020-11-10T10:00:00","slug":"suite-aux-incendies-de-foret-une%e2%80%88campagne%e2%80%88de-nettoyage-lancee","status":"publish","type":"post","link":"https:\/\/linitiative.ca\/International\/suite-aux-incendies-de-foret-une%e2%80%88campagne%e2%80%88de-nettoyage-lancee\/","title":{"rendered":"Suite aux incendies de for\u00eat, une\u2008campagne\u2008de nettoyage lanc\u00e9e"},"content":{"rendered":"<div class=\"item-container\" readability=\"9.7759103641457\"><a href=\"\/regions\/aseptisation-de-lespace-public-et-des-etablissements-scolaires-51197\"\/><\/p>\n<div class=\"picture\"><img decoding=\"async\" src=\"\/data\/images\/article\/thumbs\/ls-51197aseptisation-de-lespace-public-et\u2008des\u2008etablissements-scolaires-17e88.jpg\"\/><\/div>\n<div class=\"description\" readability=\"14.663865546218\">\n<p><a href=\"\/regions\/aseptisation-de-lespace-public-et-des-etablissements-scolaires-51197\"\/><\/p>\n<p>M\u00e9d\u00e9a<\/p>\n<p><a href=\"\/regions\/aseptisation-de-lespace-public-et-des-etablissements-scolaires-51197\"\/><\/p>\n<p>Aseptisation de l&rsquo;espace public et des \u00e9tablissements scolaires<\/p>\n<p class=\"text\">Une importante op\u00e9ration de d\u00e9sinfection et d&rsquo;aseptisation de l&rsquo;espace public, entre autres, des \u00e9tablissements scolaires de la commune de M\u00e9d\u00e9a, a \u00e9t\u00e9 lanc\u00e9e dans la soir\u00e9e de dimanche par le chef de l\u2019ex\u00e9cutif, qui supervisera personnellement<\/p>\n<\/div>\n<\/div>\n<div class=\"item-container\" readability=\"8.3095238095238\"><a href=\"\/regions\/journee-detude-sur-la-tomate-industrielle-a-el-esnam-51202\"\/><\/p>\n<div class=\"picture\"><img decoding=\"async\" src=\"\/data\/images\/article\/thumbs\/ls-51202journee-detude-sur-la-tomate-industrielle-a-el-esnam-ad988.jpg\"\/><\/div>\n<div class=\"description\" readability=\"11.731092436975\">\n<p><a href=\"\/regions\/journee-detude-sur-la-tomate-industrielle-a-el-esnam-51202\"\/><\/p>\n<p>Bouira<\/p>\n<p><a href=\"\/regions\/journee-detude-sur-la-tomate-industrielle-a-el-esnam-51202\"\/><\/p>\n<p>Journ\u00e9e d\u2019\u00e9tude sur la tomate industrielle \u00e0 El Esnam<\/p>\n<p class=\"text\">L\u2019Association des fellahs du plateau d\u2019El Esnam ne cesse de multiplier les initiatives \u00e0 l\u2019endroit des agriculteurs de cette r\u00e9gion et de toute la wilaya. Ainsi, et apr\u00e8s les diff\u00e9rentes actions entreprises pour c\u00e9l\u00e9brer la f\u00eate des moissons-battages<\/p>\n<\/div>\n<\/div>\n<div class=\"item-container\" readability=\"10.271117166213\"><a href=\"\/regions\/des-mesures-urgentes-pour-faire-face-a-la-nouvelle-vague-du-covid-19-51198\"\/><\/p>\n<div class=\"picture\"><img decoding=\"async\" src=\"\/data\/images\/article\/thumbs\/ls-51198des-mesures-urgentes-pour-faire-face\u2008a\u2008la\u2008nouvelle-vague-du-covid-19-ff454.jpg\"\/><\/div>\n<div class=\"description\" readability=\"15.651226158038\">\n<p><a href=\"\/regions\/des-mesures-urgentes-pour-faire-face-a-la-nouvelle-vague-du-covid-19-51198\"\/><\/p>\n<p>NA\u00c2MA<\/p>\n<p><a href=\"\/regions\/des-mesures-urgentes-pour-faire-face-a-la-nouvelle-vague-du-covid-19-51198\"\/><\/p>\n<p>Des mesures urgentes pour faire face \u00e0 la nouvelle vague du Covid-19<\/p>\n<p class=\"text\">Dans une r\u00e9union extraordinaire de la cellule locale de suivi de la pand\u00e9mie, le premier responsable de la wilaya, a r\u00e9it\u00e9r\u00e9 les mesures urgentes \u00e0 prendre, et ce, \u00e0 la suite du rel\u00e2chement total des r\u00e8gles de consignes face au Covid-19, et les chiffres<\/p>\n<\/div>\n<\/div>\n<div class=\"item-container\" readability=\"9.2865168539326\"><a href=\"\/regions\/coercition-accrue-pour-contenir-la-propagation-du-coronavirus-51203\"\/><\/p>\n<div class=\"picture\"><img decoding=\"async\" src=\"\/data\/images\/article\/thumbs\/ls-51203coercition-accrue-pour-contenir-la-propagation-du-coronavirus-b4dfb.jpg\"\/><\/div>\n<div class=\"description\" readability=\"13.685393258427\">\n<p><a href=\"\/regions\/coercition-accrue-pour-contenir-la-propagation-du-coronavirus-51203\"\/><\/p>\n<p>Tizi Ouzou<\/p>\n<p><a href=\"\/regions\/coercition-accrue-pour-contenir-la-propagation-du-coronavirus-51203\"\/><\/p>\n<p>Coercition accrue pour contenir la propagation du coronavirus<\/p>\n<p class=\"text\">\u00c0 Tizi Ouzou, les autorit\u00e9s sont sur le pied de guerre pour faire face \u00e0 la recrudescence des cas de contamination au coronavirus qu\u2019un communiqu\u00e9 des services de la Wilaya rendu public, jeudi dernier, qualifie de \u00abdangereuse\u00bb et \u00abinqui\u00e9tante\u00bb.<\/p>\n<\/div>\n<\/div>\n<div class=\"item-nopic-container description\" readability=\"14.61038961039\">\n<p><a href=\"\/regions\/tassifet-un-depotoir-a-ciel-ouvert-51206\"\/><\/p>\n<p>Jijel<\/p>\n<p><a href=\"\/regions\/tassifet-un-depotoir-a-ciel-ouvert-51206\"\/><\/p>\n<p>Tassifet, un d\u00e9potoir \u00e0 ciel ouvert<\/p>\n<p class=\"text\">Le quartier de Tassifet, relevant de la commune de Taher, croule sous les ordures faute de camions de ramassage des d\u00e9chets m\u00e9nagers. Des habitants avec lesquels nous avons pris langue, s&rsquo;insurgent contre la d\u00e9gradation de leur cadre<\/p>\n<\/div>\n<div class=\"item-nopic-container description\" readability=\"14.643916913947\">\n<p><a href=\"\/regions\/saisie-dun-fusil-de-chasse-51205\"\/><\/p>\n<p>T\u00e9bessa<\/p>\n<p><a href=\"\/regions\/saisie-dun-fusil-de-chasse-51205\"\/><\/p>\n<p>Saisie d\u2019un fusil de chasse<\/p>\n<p class=\"text\">Les \u00e9l\u00e9ments de la BMPJ, relevant de la S\u00fbret\u00e9 de da\u00efra de Cheria, \u00e0 40 km au sud du chef-lieu, ont proc\u00e9d\u00e9 lundi \u00e0 la saisie d&rsquo;un fusil de chasse de marque \u00abSonitra\u00bb sans papiers, selon un communiqu\u00e9 de la S\u00fbret\u00e9 de wilaya. Cette saisie a \u00e9t\u00e9 effectu\u00e9e<\/p>\n<\/div>\n<div class=\"item-nopic-container description\" readability=\"15.628985507246\">\n<p><a href=\"\/regions\/les-citoyens-interpellent-le-wali-51204\"\/><\/p>\n<p>Logement social \u00e0 Relizane<\/p>\n<p><a href=\"\/regions\/les-citoyens-interpellent-le-wali-51204\"\/><\/p>\n<p>Les citoyens interpellent le wali<\/p>\n<p class=\"text\">Plusieurs demandeurs de logement social, vivant dans des conditions pr\u00e9caires, sont impatients de voir les listes affich\u00e9es, tant le suspense perdure. Les citoyens ont interpell\u00e9 les pouvoirs publics concernant la suite qui a \u00e9t\u00e9 donn\u00e9e aux nombreux<\/p>\n<\/div>\n<div class=\"item-nopic-container description\" readability=\"13.68\">\n<p><a href=\"\/regions\/suite-aux-incendies-de-foret-une%E2%80%88campagne%E2%80%88de-nettoyage-lancee-51201\"\/><\/p>\n<p>Oran<\/p>\n<p><a href=\"\/regions\/suite-aux-incendies-de-foret-une%E2%80%88campagne%E2%80%88de-nettoyage-lancee-51201\"\/><\/p>\n<p>Suite aux incendies de for\u00eat, une\u2008campagne\u2008de nettoyage lanc\u00e9e<\/p>\n<p class=\"text\">Selon un premier bilan \u00e9tabli par la Direction g\u00e9n\u00e9rale des for\u00eats, pas moins de 400 hectares de v\u00e9g\u00e9tation dont 100 de for\u00eats, 200 hectares de maquis et 100 hectares de broussailles ont \u00e9t\u00e9 d\u00e9truits principalement \u00e0 Madagh et Cap Blanc.<\/p>\n<\/div>\n<div class=\"item-nopic-container description\" readability=\"13.679083094556\">\n<p><a href=\"\/regions\/un-sexagenaire-meurt-percute-par%E2%80%88une-voiture-51200\"\/><\/p>\n<p>Guelma<\/p>\n<p><a href=\"\/regions\/un-sexagenaire-meurt-percute-par%E2%80%88une-voiture-51200\"\/><\/p>\n<p>Un sexag\u00e9naire meurt percut\u00e9 par\u2008une voiture<\/p>\n<p class=\"text\">Un accident de la circulation a co\u00fbt\u00e9 la vie \u00e0 un homme de 62 ans \u00e0 l&rsquo;entr\u00e9e de Belkheir. Selon les premiers \u00e9l\u00e9ments de l\u2019enqu\u00eate, il finissait de traverser la chauss\u00e9e, en d\u00e9but de soir\u00e9e de dimanche, lorsqu\u2019il a \u00e9t\u00e9 percut\u00e9 par un automobiliste<\/p>\n<\/div>\n<div class=\"item-nopic-container description\" readability=\"12.707865168539\">\n<p><a href=\"\/regions\/2-morts-et-1-blesse-dans-2-accidents-de-la-circulation-51199\"\/><\/p>\n<p>Blida<\/p>\n<p><a href=\"\/regions\/2-morts-et-1-blesse-dans-2-accidents-de-la-circulation-51199\"\/><\/p>\n<p>2 morts et 1 bless\u00e9 dans 2 accidents de la circulation<\/p>\n<p class=\"text\">Les \u00e9l\u00e9ments de la Protection civile de Blida ont \u00e9vacu\u00e9 \u00e0 la morgue de l\u2019h\u00f4pital d\u2019El Affroun et \u00e0 celle du CHU Frantz-Fanon, les corps sans vie de deux jeunes personnes, d\u00e9c\u00e9d\u00e9es dans deux diff\u00e9rents accidents de la route. Le premier est survenu sur<\/p>\n<\/div>\n<p><span id=\"loader\" class=\"c5\"><img decoding=\"async\" src=\"\/themes\/frontend\/img\/doublering.svg\" class=\"c4\"\/><\/span><\/p>\n<p><span>Afficher plus d&rsquo;articles<\/span><\/p>\n<p><input type=\"hidden\" value=\"1\" name=\"page\" id=\"page\"\/><br \/>\nAuteur:<br \/>\n<a href=\"https:\/\/www.lesoirdalgerie.com\/regions\/suite-aux-incendies-de-foret-une%E2%80%88campagne%E2%80%88de-nettoyage-lancee-51201\">Cliquez ici pour lire l&rsquo;article depuis sa source.<\/a><\/p>\n","protected":false},"excerpt":{"rendered":"<p>M\u00e9d\u00e9a Aseptisation de l&rsquo;espace public et des \u00e9tablissements scolaires Une importante op\u00e9ration de d\u00e9sinfection et d&rsquo;aseptisation de l&rsquo;espace public, entre autres, des \u00e9tablissements scolaires de la commune de M\u00e9d\u00e9a, a \u00e9t\u00e9 lanc\u00e9e dans la soir\u00e9e de dimanche par le chef de l\u2019ex\u00e9cutif, qui supervisera personnellement Bouira Journ\u00e9e d\u2019\u00e9tude sur la tomate industrielle \u00e0 El Esnam [&hellip;]<\/p>\n","protected":false},"author":1741,"featured_media":104327,"comment_status":"closed","ping_status":"closed","sticky":false,"template":"","format":"standard","meta":{"fifu_image_url":"","fifu_image_alt":"","footnotes":""},"categories":[73,53],"tags":[],"class_list":["post-104326","post","type-post","status-publish","format-standard","has-post-thumbnail","hentry","category-actualite","category-algerie"],"_links":{"self":[{"href":"https:\/\/linitiative.ca\/International\/wp-json\/wp\/v2\/posts\/104326","targetHints":{"allow":["GET"]}}],"collection":[{"href":"https:\/\/linitiative.ca\/International\/wp-json\/wp\/v2\/posts"}],"about":[{"href":"https:\/\/linitiative.ca\/International\/wp-json\/wp\/v2\/types\/post"}],"author":[{"embeddable":true,"href":"https:\/\/linitiative.ca\/International\/wp-json\/wp\/v2\/users\/1741"}],"replies":[{"embeddable":true,"href":"https:\/\/linitiative.ca\/International\/wp-json\/wp\/v2\/comments?post=104326"}],"version-history":[{"count":0,"href":"https:\/\/linitiative.ca\/International\/wp-json\/wp\/v2\/posts\/104326\/revisions"}],"wp:featuredmedia":[{"embeddable":true,"href":"https:\/\/linitiative.ca\/International\/wp-json\/"}],"wp:attachment":[{"href":"https:\/\/linitiative.ca\/International\/wp-json\/wp\/v2\/media?parent=104326"}],"wp:term":[{"taxonomy":"category","embeddable":true,"href":"https:\/\/linitiative.ca\/International\/wp-json\/wp\/v2\/categories?post=104326"},{"taxonomy":"post_tag","embeddable":true,"href":"https:\/\/linitiative.ca\/International\/wp-json\/wp\/v2\/tags?post=104326"}],"curies":[{"name":"wp","href":"https:\/\/api.w.org\/{rel}","templated":true}]}}