{"id":104331,"date":"2020-11-10T10:00:55","date_gmt":"2020-11-10T15:00:55","guid":{"rendered":"https:\/\/linitiative.ca\/International\/transport-aerien-nouvelle-condition-dacces-au-territoire-marocain-pour-les-voyageurs\/"},"modified":"2020-11-10T10:00:55","modified_gmt":"2020-11-10T15:00:55","slug":"transport-aerien-nouvelle-condition-dacces-au-territoire-marocain-pour-les-voyageurs","status":"publish","type":"post","link":"https:\/\/linitiative.ca\/International\/transport-aerien-nouvelle-condition-dacces-au-territoire-marocain-pour-les-voyageurs\/","title":{"rendered":"Transport a\u00e9rien : nouvelle condition d\u2019acc\u00e8s au territoire marocain pour les voyageurs"},"content":{"rendered":"<p><strong>Les passagers \u00e0 destination du Maroc doivent d\u00e9sormais disposer d\u2019un test PCR n\u00e9gatif de moins de 72 heures, \u00e0 compter de la date du pr\u00e9l\u00e8vement, pour acc\u00e9der au territoire marocain. Cette nouvelle disposition entre en vigueur \u00e0 compter du 11 novembre 2020.<\/strong><\/p>\n<div class=\"c10\"\/>\n<p>Selon un communiqu\u00e9 de la Royal Air Maroc (RAM), les passagers empruntant les vols vers le Maroc devront d\u00e9sormais pr\u00e9senter au moment de l\u2019enregistrement un r\u00e9sultat de test PCR n\u00e9gatif \u00e0 l\u2019infection \u00e0 la Covid-19 de moins de 72h \u00e0 compter de la date du pr\u00e9l\u00e8vement et non plus \u00e0 partir de la date des r\u00e9sultats. On apprend aussi que les enfants \u00e2g\u00e9s de moins de 11 ans sont dispens\u00e9s du test, et que le test s\u00e9rologique n\u2019est plus exig\u00e9. La compagnie indique que ces nouvelles dispositions font suite aux instructions des autorit\u00e9s marocaines, et que cette nouvelle disposition prendra effet \u00e0 compter du 11 novembre.<\/p>\n<p><strong>Lire aussi| <a href=\"https:\/\/www.challenge.ma\/ram-nouvelles-dispositions-dacces-au-territoire-francais-164589\/\">RAM : nouvelles dispositions d\u2019acc\u00e8s au territoire fran\u00e7ais<\/a><\/strong><\/p>\n<p>\u00ab\u00a0Les passagers des vols \u00e0 destination de la France doivent, eux aussi, pr\u00e9senter au moment de l\u2019enregistrement un r\u00e9sultat valide de test n\u00e9gatif \u00e0 l\u2019infection \u00e0 la Covid-19 de moins de 72 heures \u00e0 compter de la date du pr\u00e9l\u00e8vement et non pas \u00e0 partir de la date des r\u00e9sultats (les enfants \u00e2g\u00e9s de moins de 11 ans sont dispens\u00e9s du test)\u00a0\u00bb, pr\u00e9cise \u00e9galement la RAM. \u00ab\u00a0Ces m\u00eames passagers doivent aussi pr\u00e9senter, avant embarquement, une attestation de d\u00e9placement international d\u00e9rogatoire depuis l\u2019\u00e9tranger vers la France incluant la liste d\u00e9taill\u00e9e des cat\u00e9gories autoris\u00e9es \u00e0 acc\u00e9der au territoire fran\u00e7ais, ainsi qu\u2019une d\u00e9claration sur l\u2019honneur d\u2019absence de sympt\u00f4mes d\u2019infection \u00e0 la Covid-19\u00a0\u00bb, conclut la RAM.<\/p>\n<p><strong>Lire aussi| <a href=\"https:\/\/www.challenge.ma\/coronavirus-le-candidat-vaccin-de-pfizer-est-efficace-a-90-164565\/\">Coronavirus : le candidat vaccin de Pfizer est \u00ab\u00a0efficace \u00e0 90%\u00a0\u00bb<\/a><\/strong><\/p>\n<p>Auteur: challenge<br \/>\n<a href=\"https:\/\/www.challenge.ma\/transport-aerien-nouvelle-condition-dacces-au-territoire-marocain-pour-les-voyageurs-164773\/\">Cliquez ici pour lire l&rsquo;article depuis sa source.<\/a><\/p>\n","protected":false},"excerpt":{"rendered":"<p>Les passagers \u00e0 destination du Maroc doivent d\u00e9sormais disposer d\u2019un test PCR n\u00e9gatif de moins de 72 heures, \u00e0 compter de la date du pr\u00e9l\u00e8vement, pour acc\u00e9der au territoire marocain. Cette nouvelle disposition entre en vigueur \u00e0 compter du 11 novembre 2020. Selon un communiqu\u00e9 de la Royal Air Maroc (RAM), les passagers empruntant les [&hellip;]<\/p>\n","protected":false},"author":1787,"featured_media":0,"comment_status":"closed","ping_status":"closed","sticky":false,"template":"","format":"standard","meta":{"fifu_image_url":"","fifu_image_alt":"","footnotes":""},"categories":[78,54],"tags":[],"class_list":["post-104331","post","type-post","status-publish","format-standard","hentry","category-economie","category-maroc"],"_links":{"self":[{"href":"https:\/\/linitiative.ca\/International\/wp-json\/wp\/v2\/posts\/104331","targetHints":{"allow":["GET"]}}],"collection":[{"href":"https:\/\/linitiative.ca\/International\/wp-json\/wp\/v2\/posts"}],"about":[{"href":"https:\/\/linitiative.ca\/International\/wp-json\/wp\/v2\/types\/post"}],"author":[{"embeddable":true,"href":"https:\/\/linitiative.ca\/International\/wp-json\/wp\/v2\/users\/1787"}],"replies":[{"embeddable":true,"href":"https:\/\/linitiative.ca\/International\/wp-json\/wp\/v2\/comments?post=104331"}],"version-history":[{"count":0,"href":"https:\/\/linitiative.ca\/International\/wp-json\/wp\/v2\/posts\/104331\/revisions"}],"wp:attachment":[{"href":"https:\/\/linitiative.ca\/International\/wp-json\/wp\/v2\/media?parent=104331"}],"wp:term":[{"taxonomy":"category","embeddable":true,"href":"https:\/\/linitiative.ca\/International\/wp-json\/wp\/v2\/categories?post=104331"},{"taxonomy":"post_tag","embeddable":true,"href":"https:\/\/linitiative.ca\/International\/wp-json\/wp\/v2\/tags?post=104331"}],"curies":[{"name":"wp","href":"https:\/\/api.w.org\/{rel}","templated":true}]}}