{"id":104337,"date":"2020-11-10T15:53:40","date_gmt":"2020-11-10T20:53:40","guid":{"rendered":"https:\/\/linitiative.ca\/International\/france-fermeture-de-7-magasins-du-groupe-printemps\/"},"modified":"2020-11-10T15:53:40","modified_gmt":"2020-11-10T20:53:40","slug":"france-fermeture-de-7-magasins-du-groupe-printemps","status":"publish","type":"post","link":"https:\/\/linitiative.ca\/International\/france-fermeture-de-7-magasins-du-groupe-printemps\/","title":{"rendered":"France\u00a0: Fermeture de 7 magasins du groupe Printemps"},"content":{"rendered":"<div class=\"post-cont-in left relative\">\n<div id=\"post-info-wrap\" class=\"left relative post-info-out\">\n<div class=\"post-info-img left relative\"><img loading=\"lazy\" decoding=\"async\" alt=\"\" src=\"https:\/\/secure.gravatar.com\/avatar\/15bad04153577161b05c79be8f652165?s=50&amp;d=mm&amp;r=g\" srcset=\"https:\/\/secure.gravatar.com\/avatar\/15bad04153577161b05c79be8f652165?s=100&amp;d=mm&amp;r=g 2x\" class=\"avatar avatar-50 photo\" height=\"50\" width=\"50\"\/><\/div>\n<div class=\"post-info-in\">\n<div class=\"post-info-right left relative post-info-name left relative\"><span itemprop=\"author\" itemscope=\"\" itemtype=\"https:\/\/schema.org\/Person\"><span class=\"post-info-text\">Par<\/span> <span class=\"author-name vcard fn author\" itemprop=\"name\"><a href=\"https:\/\/www.tunisienumerique.com\/author\/balkis\/\" title=\"Articles par balkis\" rel=\"author\">balkis<\/a><\/span><\/span> <span class=\"post-date updated\"><time class=\"post-date updated\" itemprop=\"datePublished\" datetime=\"2020-11-10\">\u00a0| Il y a 1 heure<\/time><\/span><\/div>\n<div class=\"left relative\"><button id=\"listenButton1\" class=\"responsivevoice-button\" type=\"button\" value=\"Play\" title=\"&#xC9;coutez l'article\"><span>\ud83d\udd0a \u00c9coutez l&rsquo;article<\/span><\/button> <\/div>\n<\/div>\n<\/div>\n<p>Sept \u00e9tablissements (situ\u00e9s \u00e0 Paris, Le Havre, Strasbourg, Metz Paris et Toulon) du groupe le Printemps seront ferm\u00e9s. 450 emplois sont menac\u00e9s. La direction du groupe a annonc\u00e9 que cette d\u00e9cision a \u00e9t\u00e9 prise dans le cadre d\u2019un \u00abplan de relance\u00bb visant \u00e0 \u00abassurer la p\u00e9rennit\u00e9 de ses activit\u00e9s\u00bb.<\/p>\n<div class=\"code-block code-block-1 c4\"><ins class=\"adsbygoogle c3\" data-ad-layout=\"in-article\" data-ad-format=\"fluid\" data-ad-client=\"ca-pub-2102118777505746\" data-ad-slot=\"7301775417\"\/> <\/div>\n<p>Le groupe Printemps, fond\u00e9 en 1865, emploie pr\u00e8s de 3000 personnes. Le groupe a pr\u00e9cis\u00e9 que \u00abDepuis plusieurs ann\u00e9es, il \u00e9volue sur un march\u00e9 structurellement difficile et d\u00e9t\u00e9rior\u00e9 par la succession de crises conjoncturelles (attentats, manifestations des gilets jaunes, gr\u00e8ves)\u00bb, sans m\u00eame parler de l\u2019\u00e9pid\u00e9mie de la Covid-19 qui a r\u00e9duit drastiquement les flux touristiques.<\/p>\n<p>L\u2019objectif annonc\u00e9 est de transformer son mod\u00e8le pour arr\u00eater les pertes, s\u2019adapter aux exigences de march\u00e9 et assurer sa p\u00e9rennit\u00e9 sur le long terme.<\/p>\n<div class=\"swp_social_panel swp_horizontal_panel swp_flat_fresh swp_default_full_color swp_individual_full_color swp_other_full_color scale-100 scale-\" data-min-width=\"1100\" data-float-color=\"#ffffff\" data-float=\"bottom\" data-float-mobile=\"bottom\" data-transition=\"slide\">\n<div class=\"nc_tweetContainer swp_share_button total_shares total_sharesalt\"><span class=\"swp_count\">6 <span class=\"swp_label\">Partages<\/span><\/span><\/div>\n<\/div>\n<p><strong>Que se passe-t-il en Tunisie?<\/strong><br \/>Nous expliquons sur notre <a href=\"https:\/\/www.youtube.com\/channel\/UCRzypVq0B_yBad5eGrwBx0Q?sub_confirmation=1\" target=\"_blank\" rel=\"noopener noreferrer\">cha\u00eene YouTube<\/a> . <a href=\"https:\/\/www.youtube.com\/channel\/UCRzypVq0B_yBad5eGrwBx0Q?sub_confirmation=1\" target=\"_blank\" rel=\"noopener noreferrer\">Abonnez-vous!<\/a><\/p>\n<div class=\"mvp-org-wrap mvp-org-logo\" itemprop=\"publisher\" itemscope=\"\" itemtype=\"https:\/\/schema.org\/Organization\"><img decoding=\"async\" src=\"https:\/\/www.tunisienumerique.com\/wp-content\/uploads\/2017\/02\/logo_tunisie_numerique.png\"\/><\/div>\n<div class=\"mvp-related-posts left relative\">\n<h4 class=\"post-header\"><span class=\"post-header\">Lire aussi<\/span><\/h4>\n<\/div>\n<div id=\"article-ad\"><ins class=\"adsbygoogle c5\" data-ad-client=\"ca-pub-2102118777505746\" data-ad-slot=\"6513972734\" data-ad-format=\"auto\" data-full-width-responsive=\"true\"\/> <\/div>\n<\/div>\n<div id=\"post-sidebar-wrap\"><ins class=\"adsbygoogle c5\" data-ad-client=\"ca-pub-2102118777505746\" data-ad-slot=\"6168283410\" data-ad-format=\"auto\" data-full-width-responsive=\"true\"\/> <\/div>\n<p>Auteur: balkis<br \/>\n<a href=\"https:\/\/www.tunisienumerique.com\/france-fermeture-de-7-magasins-du-groupe-printemps\/\">Cliquez ici pour lire l&rsquo;article depuis sa source.<\/a><\/p>\n","protected":false},"excerpt":{"rendered":"<p>Par balkis \u00a0| Il y a 1 heure \ud83d\udd0a \u00c9coutez l&rsquo;article Sept \u00e9tablissements (situ\u00e9s \u00e0 Paris, Le Havre, Strasbourg, Metz Paris et Toulon) du groupe le Printemps seront ferm\u00e9s. 450 emplois sont menac\u00e9s. La direction du groupe a annonc\u00e9 que cette d\u00e9cision a \u00e9t\u00e9 prise dans le cadre d\u2019un \u00abplan de relance\u00bb visant \u00e0 \u00abassurer [&hellip;]<\/p>\n","protected":false},"author":1789,"featured_media":0,"comment_status":"closed","ping_status":"closed","sticky":false,"template":"","format":"standard","meta":{"fifu_image_url":"","fifu_image_alt":"","footnotes":""},"categories":[73,55],"tags":[],"class_list":["post-104337","post","type-post","status-publish","format-standard","hentry","category-actualite","category-tunisie"],"_links":{"self":[{"href":"https:\/\/linitiative.ca\/International\/wp-json\/wp\/v2\/posts\/104337","targetHints":{"allow":["GET"]}}],"collection":[{"href":"https:\/\/linitiative.ca\/International\/wp-json\/wp\/v2\/posts"}],"about":[{"href":"https:\/\/linitiative.ca\/International\/wp-json\/wp\/v2\/types\/post"}],"author":[{"embeddable":true,"href":"https:\/\/linitiative.ca\/International\/wp-json\/wp\/v2\/users\/1789"}],"replies":[{"embeddable":true,"href":"https:\/\/linitiative.ca\/International\/wp-json\/wp\/v2\/comments?post=104337"}],"version-history":[{"count":0,"href":"https:\/\/linitiative.ca\/International\/wp-json\/wp\/v2\/posts\/104337\/revisions"}],"wp:attachment":[{"href":"https:\/\/linitiative.ca\/International\/wp-json\/wp\/v2\/media?parent=104337"}],"wp:term":[{"taxonomy":"category","embeddable":true,"href":"https:\/\/linitiative.ca\/International\/wp-json\/wp\/v2\/categories?post=104337"},{"taxonomy":"post_tag","embeddable":true,"href":"https:\/\/linitiative.ca\/International\/wp-json\/wp\/v2\/tags?post=104337"}],"curies":[{"name":"wp","href":"https:\/\/api.w.org\/{rel}","templated":true}]}}