{"id":104338,"date":"2020-11-10T16:11:24","date_gmt":"2020-11-10T21:11:24","guid":{"rendered":"https:\/\/linitiative.ca\/International\/tunisie-de-quel-soutien-psychologique-pour-les-malades-de-la-covid-parlent-ils\/"},"modified":"2020-11-10T16:11:24","modified_gmt":"2020-11-10T21:11:24","slug":"tunisie-de-quel-soutien-psychologique-pour-les-malades-de-la-covid-parlent-ils","status":"publish","type":"post","link":"https:\/\/linitiative.ca\/International\/tunisie-de-quel-soutien-psychologique-pour-les-malades-de-la-covid-parlent-ils\/","title":{"rendered":"Tunisie \u2013 De quel soutien psychologique pour les malades de la Covid parlent-ils\u00a0?"},"content":{"rendered":"<div class=\"post-cont-in left relative\">\n<div id=\"post-info-wrap\" class=\"left relative post-info-out\">\n<div class=\"post-info-img left relative\"><img loading=\"lazy\" decoding=\"async\" alt=\"\" src=\"https:\/\/secure.gravatar.com\/avatar\/96253f4a657b482a18e837c1252096c2?s=50&amp;d=mm&amp;r=g\" srcset=\"https:\/\/secure.gravatar.com\/avatar\/96253f4a657b482a18e837c1252096c2?s=100&amp;d=mm&amp;r=g 2x\" class=\"avatar avatar-50 photo\" height=\"50\" width=\"50\"\/><\/div>\n<div class=\"post-info-in\">\n<div class=\"post-info-right left relative post-info-name left relative\"><span itemprop=\"author\" itemscope=\"\" itemtype=\"https:\/\/schema.org\/Person\"><span class=\"post-info-text\">Par<\/span> <span class=\"author-name vcard fn author\" itemprop=\"name\"><a href=\"https:\/\/www.tunisienumerique.com\/author\/saber\/\" title=\"Articles par Saber .\" rel=\"author\">Saber .<\/a><\/span><\/span> <span class=\"post-date updated\"><time class=\"post-date updated\" itemprop=\"datePublished\" datetime=\"2020-11-10\">\u00a0| Il y a 1 heure<\/time><\/span><\/div>\n<div class=\"left relative\"><button id=\"listenButton1\" class=\"responsivevoice-button\" type=\"button\" value=\"Play\" title=\"&#xC9;coutez l'article\"><span>\ud83d\udd0a \u00c9coutez l&rsquo;article<\/span><\/button> <\/div>\n<\/div>\n<\/div>\n<p>Le ministre de la Sant\u00e9 s\u2019est rendu, ce mardi, \u00e0 l\u2019h\u00f4pital Charles Nicolle de Tunis, pour, a-t-il annonc\u00e9, donner le d\u00e9part du service d\u2019aide psychologique aux patients atteints de la Covid, leurs parents, ainsi que le personnel de sant\u00e9.<\/p>\n<div class=\"code-block code-block-1 c4\"><ins class=\"adsbygoogle c3\" data-ad-layout=\"in-article\" data-ad-format=\"fluid\" data-ad-client=\"ca-pub-2102118777505746\" data-ad-slot=\"7301775417\"\/> <\/div>\n<p>Le ministre qui a voulu que cette action se fasse en fanfare n\u2019a apparemment pas \u00e9t\u00e9 averti par ses collaborateurs que cette unit\u00e9 a \u00e9t\u00e9 mise en place depuis pr\u00e8s d\u2019une ann\u00e9e et qu\u2019elle s\u2019est charg\u00e9e du suivi et du soutien psychologique de nombreuses personnes.<\/p>\n<p>Une autre d\u00e9marche du ministre de la Sant\u00e9 qui a voulu s\u2019approprier le travail des autres.<\/p>\n<p>Une autre chose que semble ignorer le ministre, c\u2019est le plus grand mal psychologique qui ronge les citoyens avec cette \u00e9pid\u00e9mie de la Covid. Car ce qui perturbe le tunisien en ce moment, c\u2019est, surtout, son manque de confiance en le syst\u00e8me de sant\u00e9 et, surtout, depuis l\u2019av\u00e8nement du ministre actuel, qui n\u2019a jamais manqu\u00e9 une occasion pour montrer qu\u2019il ne peut g\u00e9rer, ni l\u2019\u00e9pid\u00e9mie, ni m\u00eame son personnel.<\/p>\n<p>Quant aux suppos\u00e9es retomb\u00e9es psychologiques de la maladie, que le ministre ne s\u2019inqui\u00e8te gu\u00e8re. Car le tunisien en a vu de plus belles, depuis un certain nombre d\u2019ann\u00e9es et il en est devenu tellement blas\u00e9, que presque rien ne risque de l\u2019impressionner.<\/p>\n<p>Par ailleurs, si le tunisien veut se sentir soutenu lors de cette crise, ce ne sera certainement pas un th\u00e9rapeute anonyme, sans visage, \u00e0 l\u2019autre bout de la ligne t\u00e9l\u00e9phonique, qui saurait l\u2019aider, \u00e9tant lui-m\u00eame fragile du fait de la surcharge de travail.<\/p>\n<div class=\"swp_social_panel swp_horizontal_panel swp_flat_fresh swp_default_full_color swp_individual_full_color swp_other_full_color scale-100 scale-\" data-min-width=\"1100\" data-float-color=\"#ffffff\" data-float=\"bottom\" data-float-mobile=\"bottom\" data-transition=\"slide\">\n<div class=\"nc_tweetContainer swp_share_button total_shares total_sharesalt\"><span class=\"swp_count\">1 <span class=\"swp_label\">Partages<\/span><\/span><\/div>\n<\/div>\n<p><strong>Que se passe-t-il en Tunisie?<\/strong><br \/>Nous expliquons sur notre <a href=\"https:\/\/www.youtube.com\/channel\/UCRzypVq0B_yBad5eGrwBx0Q?sub_confirmation=1\" target=\"_blank\" rel=\"noopener noreferrer\">cha\u00eene YouTube<\/a> . <a href=\"https:\/\/www.youtube.com\/channel\/UCRzypVq0B_yBad5eGrwBx0Q?sub_confirmation=1\" target=\"_blank\" rel=\"noopener noreferrer\">Abonnez-vous!<\/a><\/p>\n<div class=\"mvp-org-wrap mvp-org-logo\" itemprop=\"publisher\" itemscope=\"\" itemtype=\"https:\/\/schema.org\/Organization\"><img decoding=\"async\" src=\"https:\/\/www.tunisienumerique.com\/wp-content\/uploads\/2017\/02\/logo_tunisie_numerique.png\"\/><\/div>\n<div class=\"mvp-related-posts left relative\">\n<h4 class=\"post-header\"><span class=\"post-header\">Lire aussi<\/span><\/h4>\n<\/div>\n<div id=\"article-ad\"><ins class=\"adsbygoogle c5\" data-ad-client=\"ca-pub-2102118777505746\" data-ad-slot=\"6513972734\" data-ad-format=\"auto\" data-full-width-responsive=\"true\"\/> <\/div>\n<\/div>\n<div id=\"post-sidebar-wrap\"><ins class=\"adsbygoogle c5\" data-ad-client=\"ca-pub-2102118777505746\" data-ad-slot=\"6168283410\" data-ad-format=\"auto\" data-full-width-responsive=\"true\"\/> <\/div>\n<p>Auteur: Saber .<br \/>\n<a href=\"https:\/\/www.tunisienumerique.com\/tunisie-de-quel-soutien-psychologique-pour-les-malades-de-la-covid-parlent-ils\/\">Cliquez ici pour lire l&rsquo;article depuis sa source.<\/a><\/p>\n","protected":false},"excerpt":{"rendered":"<p>Par Saber . \u00a0| Il y a 1 heure \ud83d\udd0a \u00c9coutez l&rsquo;article Le ministre de la Sant\u00e9 s\u2019est rendu, ce mardi, \u00e0 l\u2019h\u00f4pital Charles Nicolle de Tunis, pour, a-t-il annonc\u00e9, donner le d\u00e9part du service d\u2019aide psychologique aux patients atteints de la Covid, leurs parents, ainsi que le personnel de sant\u00e9. Le ministre qui a [&hellip;]<\/p>\n","protected":false},"author":1789,"featured_media":0,"comment_status":"closed","ping_status":"closed","sticky":false,"template":"","format":"standard","meta":{"fifu_image_url":"","fifu_image_alt":"","footnotes":""},"categories":[73,55],"tags":[],"class_list":["post-104338","post","type-post","status-publish","format-standard","hentry","category-actualite","category-tunisie"],"_links":{"self":[{"href":"https:\/\/linitiative.ca\/International\/wp-json\/wp\/v2\/posts\/104338","targetHints":{"allow":["GET"]}}],"collection":[{"href":"https:\/\/linitiative.ca\/International\/wp-json\/wp\/v2\/posts"}],"about":[{"href":"https:\/\/linitiative.ca\/International\/wp-json\/wp\/v2\/types\/post"}],"author":[{"embeddable":true,"href":"https:\/\/linitiative.ca\/International\/wp-json\/wp\/v2\/users\/1789"}],"replies":[{"embeddable":true,"href":"https:\/\/linitiative.ca\/International\/wp-json\/wp\/v2\/comments?post=104338"}],"version-history":[{"count":0,"href":"https:\/\/linitiative.ca\/International\/wp-json\/wp\/v2\/posts\/104338\/revisions"}],"wp:attachment":[{"href":"https:\/\/linitiative.ca\/International\/wp-json\/wp\/v2\/media?parent=104338"}],"wp:term":[{"taxonomy":"category","embeddable":true,"href":"https:\/\/linitiative.ca\/International\/wp-json\/wp\/v2\/categories?post=104338"},{"taxonomy":"post_tag","embeddable":true,"href":"https:\/\/linitiative.ca\/International\/wp-json\/wp\/v2\/tags?post=104338"}],"curies":[{"name":"wp","href":"https:\/\/api.w.org\/{rel}","templated":true}]}}