{"id":104340,"date":"2020-11-10T13:50:24","date_gmt":"2020-11-10T18:50:24","guid":{"rendered":"https:\/\/linitiative.ca\/International\/deces-datt\/"},"modified":"2020-11-10T13:50:24","modified_gmt":"2020-11-10T18:50:24","slug":"deces-datt","status":"publish","type":"post","link":"https:\/\/linitiative.ca\/International\/deces-datt\/","title":{"rendered":"DECES D\u2019ATT"},"content":{"rendered":"<div class=\"stream-item stream-item-above-post-content\">\n<p><noscript><\/p>\n<p><a href=\"\/\/www3.smartadserver.com\/ac?jump=1&amp;nwid=2136&amp;siteid=240610&amp;pgname=rg&amp;fmtid=49046&amp;visit=m&amp;tmstp=[timestamp]&amp;out=nonrich\" target=\"_blank\" rel=\"noopener noreferrer\"><img decoding=\"async\" src=\"http:\/\/www3.smartadserver.com\/ac?out=nonrich&amp;nwid=2136&amp;siteid=240610&amp;pgname=rg&amp;fmtid=49046&amp;visit=m&amp;tmstp=[timestamp]\" border=\"0\" alt=\"\"\/><\/a><\/p>\n<p><\/noscript><\/div>\n<p class=\"c3\"><em>Le G\u00e9n\u00e9ral Amadou Toumani Tour\u00e9, plus connu sous l\u2019acronyme ATT, a pass\u00e9 l\u2019arme \u00e0 gauche. En effet, l\u2019ancien chef d\u2019Etat malien qui avait \u00e9t\u00e9 \u00e9vacu\u00e9 en Turquie pour des raisons sanitaires, apr\u00e8s une op\u00e9ration du c\u0153ur \u00e0 Bamako, est d\u00e9c\u00e9d\u00e9 dans la nuit du lundi 9 au mardi 10 novembre 2020, \u00e0 l\u2019\u00e2ge de 72 ans. En un peu moins de deux mois, les Maliens d\u00e9plorent la disparition de deux de leurs illustres fils qui ont, chacun, pr\u00e9sid\u00e9, \u00e0 un moment donn\u00e9 de l\u2019histoire, \u00e0 leur destin\u00e9e. L\u2019on se souvient, en effet, que le 15 septembre dernier, le pr\u00e9sident Moussa Traor\u00e9 dont la chute correspond \u00e0 l\u2019entr\u00e9e en sc\u00e8ne\u00a0 d\u2019Amadou Toumani Tour\u00e9, avait, lui aussi, rendu l\u2019\u00e2me. La disparition de ces deux hommes que le destin a oppos\u00e9s en mars 1991, intervient au moment o\u00f9 le Mali avait le plus besoin de leurs exp\u00e9riences aux commandes de l\u2019Etat pour \u00a0traverser la zone de turbulences cr\u00e9\u00e9e par le putsch militaire du 18 ao\u00fbt 2020. Le pays est, en effet, depuis lors, engag\u00e9 dans une Transition qui n\u2019en finit pas de soulever des temp\u00eates de sable dans le d\u00e9sert malien.<\/em><\/p>\n<p class=\"c3\"><em>\u00a0<\/em><\/p>\n<p class=\"c4\"><strong><em>ATT reste dans la m\u00e9moire collective malienne, un homme de consensus<\/em><\/strong><\/p>\n<p class=\"c3\"><em>\u00a0<\/em><\/p>\n<p class=\"c3\"><em>Avant de revenir sur cette Transition dont la l\u00e9gitimit\u00e9 populaire commence \u00e0 prendre du plomb dans l\u2019aile avec les critiques acerbes de la soci\u00e9t\u00e9 civile malienne, \u00a0il convient de saluer, \u00e0 sa juste valeur, la m\u00e9moire du G\u00e9n\u00e9ral Amadou Toumani Tour\u00e9 dont le passage \u00e0 la t\u00eate de l\u2019Etat, avait ouvert, pour le Mali, une nouvelle \u00e8re de prosp\u00e9rit\u00e9 \u00e0 la fois politique, \u00e9conomique et socio-culturelle. Consid\u00e9r\u00e9 comme le p\u00e8re de la d\u00e9mocratie moderne au Mali pour avoir mis fin \u00e0 la sanglante r\u00e9pression des manifestations d\u00e9mocratiques cons\u00e9cutives au discours de La Baule par le G\u00e9n\u00e9ral Moussa Traor\u00e9 et organis\u00e9 des l\u00e9gislatives et pr\u00e9sidentielle transparentes \u00e0 l\u2019issue desquelles, il a remis le pouvoir au nouveau pr\u00e9sident \u00e9lu, \u00a0Alpha Oumar Konar\u00e9, celui que l\u2019on a surnomm\u00e9 \u00ab\u00a0le soldat de la d\u00e9mocratie\u00a0\u00bb s\u2019est aussi illustr\u00e9 par l\u2019embellie \u00e9conomique \u00e0 7 % de croissance qu\u2019il a r\u00e9alis\u00e9e quand il est revenu d\u00e9mocratiquement \u00a0aux affaires en mai 2002. Sur le plan social et culturel, l\u2019\u00e8re ATT aura \u00e9t\u00e9 caract\u00e9ris\u00e9e par la cr\u00e9ation de nombreux emplois pour les jeunes et un soutien marqu\u00e9 aux initiatives culturelles et sportives. Pour l\u2019ensemble de cette \u00a0\u0153uvre, ATT reste dans la m\u00e9moire collective malienne, un homme de consensus, en d\u00e9pit de la fin chaotique de son r\u00e8gne en 2012.<\/em> <em>2012, en effet, aura marqu\u00e9 la fin de cet essor du\u00a0\u00ab\u00a0Mali-Ba \u00bb en raison de l\u2019apparition, dans le ciel du septentrion malien, de gros orages, en l\u2019occurrence les \u00a0menaces ind\u00e9pendantistes et djihadistes dont la gestion par ATT, n\u2019a pas \u00e9t\u00e9 du go\u00fbt de certains de ses fr\u00e8res d\u2019armes avec \u00e0 leur t\u00eate un certain Amadou Haya Sanogo. Chass\u00e9 du pouvoir et contraint \u00e0 l\u2019exil \u00e0 Dakar suite au coup d\u2019Etat de 2012 qui, au lieu de stopper l\u2019avanc\u00e9e des mouvements rebelles et islamistes, a, au contraire, pr\u00e9cipit\u00e9 la d\u00e9route de l\u2019arm\u00e9e, l\u2019homme n\u2019avait finalement pu rejoindre la m\u00e8re-patrie qu\u2019en d\u00e9cembre 2019. Consid\u00e9r\u00e9 comme un h\u00e9ros par certains, \u00a0pour avoir per\u00e7u clairement les faiblesses de son arm\u00e9e et opt\u00e9 pour la n\u00e9gociation pour sauver son pays, il est pr\u00e9sent\u00e9 par \u00a0d\u2019autres \u00a0comme un g\u00e9n\u00e9ral f\u00e9lon qui a abandonn\u00e9 le Mali aux mains des ennemis de la Nation.<\/em><\/p>\n<p class=\"c3\"><em>\u00a0<\/em><\/p>\n<p class=\"c4\"><strong><em>Les Maliens apprennent dans la douleur, qu\u2019il n\u2019y a pas de bon coup d\u2019Etat<\/em><\/strong><\/p>\n<p class=\"c3\"><em>\u00a0<\/em><\/p>\n<p class=\"c3\"><em>Mais que l\u2019on se situe du c\u00f4t\u00e9 des laudateurs ou des \u00a0d\u00e9tracteurs du g\u00e9n\u00e9ral ATT, on doit reconna\u00eetre que son parcours devrait inspirer au moment o\u00f9 \u00a0sa d\u00e9pouille va bient\u00f4t retourner \u00e0 la terre malienne qu\u2019il a servie. Sa vie est faite de hauts et de bas comme tout autre vie, surtout politique, o\u00f9 comme l\u2019a chant\u00e9 l\u2019artiste, l\u2019on crie \u00ab\u00a0vive le g\u00e9n\u00e9ral\u00a0\u00bb pour aussit\u00f4t dire\u00a0 apr\u00e8s \u00ab\u00a0\u00e0 bas le g\u00e9n\u00e9ral \u00bb. La le\u00e7on que l\u2019on devrait en tirer est qu\u2019il faut savoir parfois quitter les choses avant que celles-ci ne nous abandonnent. Et cette le\u00e7on vaut particuli\u00e8rement pour la junte militaire au Mali, qui a us\u00e9 de subterfuges pour conserver l\u2019essentiel du pouvoir de la Transition mais qui se retrouve sous les feux des critiques.<\/em> <em>En effet, compos\u00e9 d\u2019intellectuels, d\u2019hommes d\u2019affaires et de membres de la soci\u00e9t\u00e9 civile, le GRAIN (Groupe de r\u00e9flexion, d\u2019analyses et d\u2019initiatives novatrices), l\u2019un des groupes les plus cr\u00e9dibles au Mali, a rendu publique une lettre ouverte qui met \u00e0 nu les tares de la gouvernance de la Transition au Mali. Le groupe d\u00e9nonce, entre autres,\u00a0 la trop grande pr\u00e9sence des militaires sur la sc\u00e8ne. \u00ab\u00a0Aujourd\u2019hui, nous avons une transition dite civile mais qui n\u2019est vraiment pas civile puisque presque 70 % des postes sont occup\u00e9s par des militaires ou des proches de militaires\u00a0\u00bb, explique l\u2019un des membres fondateurs du GRAIN. Certains dysfonctionnements comme la non-mise en place de l\u2019organe l\u00e9gislatif de la transition, le Conseil national de Transition (CNT), la non-d\u00e9claration des biens des autorit\u00e9s de la Transition et la fronde sociale persistante, sont aussi point\u00e9s du doigt. Et voil\u00e0 qui vient aujourd\u2019hui donner raison \u00e0 la Communaut\u00e9 \u00e9conomique des Etats de l\u2019Afrique de l\u2019Ouest\u00a0 (CEDEAO) qui avait \u00a0per\u00e7u tr\u00e8s t\u00f4t le danger. Les Maliens apprennent ainsi, dans la douleur, qu\u2019il n\u2019y a pas de bon coup d\u2019Etat. Mais Assimi Go\u00efta et ses compagnons devraient aussi savoir que s\u2019ils persistent sur cette lanc\u00e9e, ils n\u2019\u00e9chapperont pas au destin commun de leurs fr\u00e8res d\u2019armes entr\u00e9s en politique par effraction.<\/em><\/p>\n<p class=\"c3\"><em>\u00a0<\/em><\/p>\n<p class=\"c4\"><strong><em>\u00ab\u00a0Le Pays\u00a0\u00bb<\/em><\/strong><\/p>\n<p class=\"c4\"><strong><em>\u00a0<\/em><\/strong><\/p>\n<p class=\"c3\"><em>\u00a0<\/em><\/p>\n<p>Auteur: Le Pays<br \/>\n<a href=\"http:\/\/lepays.bf\/deces-datt\/\">Cliquez ici pour lire l&rsquo;article depuis sa source.<\/a><\/p>\n","protected":false},"excerpt":{"rendered":"<p>Le G\u00e9n\u00e9ral Amadou Toumani Tour\u00e9, plus connu sous l\u2019acronyme ATT, a pass\u00e9 l\u2019arme \u00e0 gauche. En effet, l\u2019ancien chef d\u2019Etat malien qui avait \u00e9t\u00e9 \u00e9vacu\u00e9 en Turquie pour des raisons sanitaires, apr\u00e8s une op\u00e9ration du c\u0153ur \u00e0 Bamako, est d\u00e9c\u00e9d\u00e9 dans la nuit du lundi 9 au mardi 10 novembre 2020, \u00e0 l\u2019\u00e2ge de 72 [&hellip;]<\/p>\n","protected":false},"author":1813,"featured_media":0,"comment_status":"closed","ping_status":"closed","sticky":false,"template":"","format":"standard","meta":{"fifu_image_url":"","fifu_image_alt":"","footnotes":""},"categories":[73,81],"tags":[],"class_list":["post-104340","post","type-post","status-publish","format-standard","hentry","category-actualite","category-burkina-faso"],"_links":{"self":[{"href":"https:\/\/linitiative.ca\/International\/wp-json\/wp\/v2\/posts\/104340","targetHints":{"allow":["GET"]}}],"collection":[{"href":"https:\/\/linitiative.ca\/International\/wp-json\/wp\/v2\/posts"}],"about":[{"href":"https:\/\/linitiative.ca\/International\/wp-json\/wp\/v2\/types\/post"}],"author":[{"embeddable":true,"href":"https:\/\/linitiative.ca\/International\/wp-json\/wp\/v2\/users\/1813"}],"replies":[{"embeddable":true,"href":"https:\/\/linitiative.ca\/International\/wp-json\/wp\/v2\/comments?post=104340"}],"version-history":[{"count":0,"href":"https:\/\/linitiative.ca\/International\/wp-json\/wp\/v2\/posts\/104340\/revisions"}],"wp:attachment":[{"href":"https:\/\/linitiative.ca\/International\/wp-json\/wp\/v2\/media?parent=104340"}],"wp:term":[{"taxonomy":"category","embeddable":true,"href":"https:\/\/linitiative.ca\/International\/wp-json\/wp\/v2\/categories?post=104340"},{"taxonomy":"post_tag","embeddable":true,"href":"https:\/\/linitiative.ca\/International\/wp-json\/wp\/v2\/tags?post=104340"}],"curies":[{"name":"wp","href":"https:\/\/api.w.org\/{rel}","templated":true}]}}