{"id":104352,"date":"2020-11-10T15:18:02","date_gmt":"2020-11-10T20:18:02","guid":{"rendered":"https:\/\/linitiative.ca\/International\/trois-morts-et-26-blesses-lors-dun-affrontement-entre-les-populations-a-mbatto-dans-le-centre-est-ivoirien\/"},"modified":"2020-11-10T15:18:02","modified_gmt":"2020-11-10T20:18:02","slug":"trois-morts-et-26-blesses-lors-dun-affrontement-entre-les-populations-a-mbatto-dans-le-centre-est-ivoirien","status":"publish","type":"post","link":"https:\/\/linitiative.ca\/International\/trois-morts-et-26-blesses-lors-dun-affrontement-entre-les-populations-a-mbatto-dans-le-centre-est-ivoirien\/","title":{"rendered":"Trois morts et 26 bless\u00e9s lors d\u2019un affrontement entre les populations \u00e0 M\u2019Batto, dans le Centre-Est ivoirien"},"content":{"rendered":"<div readability=\"32\">\n<p>Publi\u00e9 le 10.11.2020 \u00e0 21h18 par APA News<\/p>\n<\/div>\n<div readability=\"90\">\n<p>Trois personnes ont \u00e9t\u00e9 tu\u00e9es et 26 autres bless\u00e9es, mardi, lors d\u2019un affrontement entre les populations \u00e0 M\u2019Batto, une ville du Centre-Est ivoirien, situ\u00e9e \u00e0 230 Km d\u2019Abidjan, dans le cadre de la crise li\u00e9e \u00e0 la pr\u00e9sidentielle du 31 octobre 2020, selon une source proche de la gendarmerie nationale.Ce bilan a \u00e9t\u00e9 dress\u00e9 \u00e0 APA par cette source \u00e0 18h30, heure locale et Gmt, pr\u00e9cisant qu\u2019un ratissage des forces de s\u00e9curit\u00e9 est en cours dans la ville o\u00f9 le calme est revenu. D\u2019autres sources non officielles dressent un bilan plus lourd.<\/p>\n<p>Le Commandant sup\u00e9rieur de la gendarmerie, le g\u00e9n\u00e9ral Alexandre Apalo Tour\u00e9 est arriv\u00e9 en fin d\u2019apr\u00e8s-midi \u00e0 M\u2019Batto o\u00f9 il entam\u00e9 des consultations en compagnie du pr\u00e9fet.<\/p>\n<p>Ces heurts s\u2019inscrivent dans l\u2019\u00e9lan de l\u2019appel \u00e0 la d\u00e9sob\u00e9issance civile lanc\u00e9e par les leaders de l\u2019opposition, lors du scrutin pr\u00e9sidentiel. Du coup, deux camps en faction se sont dress\u00e9s, d\u2019un c\u00f4t\u00e9 des partisans du pouvoir et d\u2019un autre, ceux de l\u2019opposition.<\/p>\n<p>La localit\u00e9 de M\u2019Batto est un fief de l\u2019opposition. Le pr\u00e9sident du Front populaire ivoirien (FPI), Affi Nguessan, est le pr\u00e9sident du Moronou, une r\u00e9gion o\u00f9 des destructions du mat\u00e9riel \u00e9lectoral ont \u00e9t\u00e9 enregistr\u00e9es le jour du vote, le 31 octobre 2020.<\/p>\n<p>Apr\u00e8s l\u2019annonce des r\u00e9sultats d\u00e9finitifs de l\u2019\u00e9lection pr\u00e9sidentielle par le Conseil constitutionnel, lundi, les partisans de l\u2019opposition ont \u00e9rig\u00e9 des barricades, obstruant la circulation, toute chose qui a d\u00e9g\u00e9n\u00e9r\u00e9 en affrontements entre les populations. L\u2019opposition rejette d\u2019ailleurs cette \u00e9lection pr\u00e9sidentielle.<\/p>\n<p>A M\u2019Batto, des manifestants se r\u00e9clamant de l\u2019opposition ont le jour du vote, brav\u00e9 les forces de l\u2019ordre et d\u00e9truit le mat\u00e9riel \u00e9lectoral. Et ce, suite au mot d\u2019ordre de l\u2019opposition appelant au boycott actif du scrutin qui a \u00e9t\u00e9 \u00e9maill\u00e9 de violences.\u00a0<\/p>\n<p>Le chef de l\u2019Etat sortant Alassane Ouattara, r\u00e9\u00e9lu pour un autre mandat, a d\u00e9clar\u00e9 lundi soir dans un message \u00e0 la nation, qu\u2019il tendait la main \u00e0 l\u2019ancien pr\u00e9sident Henri Konan B\u00e9di\u00e9, le doyen d\u2019\u00e2ge de l\u2019opposition, pour un dialogue franc, en vue d\u2019un retour \u00e0 la confiance entre les dirigeants politiques.<\/p>\n<\/div>\n<p>Auteur: APA News<br \/>\n<a href=\"https:\/\/www.journalducameroun.com\/trois-morts-et-26-blesses-lors-dun-affrontement-entre-les-populations-a-mbatto-dans-le-centre-est-ivoirien\/\">Cliquez ici pour lire l&rsquo;article depuis sa source.<\/a><\/p>\n","protected":false},"excerpt":{"rendered":"<p>Publi\u00e9 le 10.11.2020 \u00e0 21h18 par APA News Trois personnes ont \u00e9t\u00e9 tu\u00e9es et 26 autres bless\u00e9es, mardi, lors d\u2019un affrontement entre les populations \u00e0 M\u2019Batto, une ville du Centre-Est ivoirien, situ\u00e9e \u00e0 230 Km d\u2019Abidjan, dans le cadre de la crise li\u00e9e \u00e0 la pr\u00e9sidentielle du 31 octobre 2020, selon une source proche de [&hellip;]<\/p>\n","protected":false},"author":1965,"featured_media":0,"comment_status":"closed","ping_status":"closed","sticky":false,"template":"","format":"standard","meta":{"fifu_image_url":"","fifu_image_alt":"","footnotes":""},"categories":[73,82],"tags":[],"class_list":["post-104352","post","type-post","status-publish","format-standard","hentry","category-actualite","category-cameroun"],"_links":{"self":[{"href":"https:\/\/linitiative.ca\/International\/wp-json\/wp\/v2\/posts\/104352","targetHints":{"allow":["GET"]}}],"collection":[{"href":"https:\/\/linitiative.ca\/International\/wp-json\/wp\/v2\/posts"}],"about":[{"href":"https:\/\/linitiative.ca\/International\/wp-json\/wp\/v2\/types\/post"}],"author":[{"embeddable":true,"href":"https:\/\/linitiative.ca\/International\/wp-json\/wp\/v2\/users\/1965"}],"replies":[{"embeddable":true,"href":"https:\/\/linitiative.ca\/International\/wp-json\/wp\/v2\/comments?post=104352"}],"version-history":[{"count":0,"href":"https:\/\/linitiative.ca\/International\/wp-json\/wp\/v2\/posts\/104352\/revisions"}],"wp:attachment":[{"href":"https:\/\/linitiative.ca\/International\/wp-json\/wp\/v2\/media?parent=104352"}],"wp:term":[{"taxonomy":"category","embeddable":true,"href":"https:\/\/linitiative.ca\/International\/wp-json\/wp\/v2\/categories?post=104352"},{"taxonomy":"post_tag","embeddable":true,"href":"https:\/\/linitiative.ca\/International\/wp-json\/wp\/v2\/tags?post=104352"}],"curies":[{"name":"wp","href":"https:\/\/api.w.org\/{rel}","templated":true}]}}