{"id":104353,"date":"2020-11-10T16:18:02","date_gmt":"2020-11-10T21:18:02","guid":{"rendered":"https:\/\/linitiative.ca\/International\/can-2021-la-rencontre-cote-divoire-madagascar-a-huis-clos-en-raison-de-la-covid-19\/"},"modified":"2020-11-10T16:18:02","modified_gmt":"2020-11-10T21:18:02","slug":"can-2021-la-rencontre-cote-divoire-madagascar-a-huis-clos-en-raison-de-la-covid-19","status":"publish","type":"post","link":"https:\/\/linitiative.ca\/International\/can-2021-la-rencontre-cote-divoire-madagascar-a-huis-clos-en-raison-de-la-covid-19\/","title":{"rendered":"CAN 2021: la rencontre C\u00f4te d\u2019Ivoire-Madagascar \u00e0 huis clos en raison de la Covid-19"},"content":{"rendered":"<div readability=\"32\">\n<p>Publi\u00e9 le 10.11.2020 \u00e0 22h18 par APA News<\/p>\n<\/div>\n<div readability=\"65\">\n<p>Le match C\u00f4te d\u2019Ivoire-Madagascar, pr\u00e9vu le 12 novembre 2020 au stade Olympique Alassane Ouattara d\u2019Ebimp\u00e9, dans le cadre des \u00e9liminatoires de la CAN 2021 de football, se disputera \u00e0 huis clos en raison des restrictions li\u00e9es \u00e0 la Covid-19, annonce la F\u00e9d\u00e9ration ivoirienne de football (FIF).La FIF, dans une note sign\u00e9e de son directeur ex\u00e9cutif Sam Etiass\u00e9, indique qu&rsquo;\u00a0\u00bben application des protocoles Covid-19 de la FIFA et de la CAF, tous les matches de la 3e et 4e journ\u00e9es des \u00e9liminatoires de la CAN Cameroun 2021 doivent se disputer \u00e0 huis clos\u00a0\u00bb.<\/p>\n<p>De ce fait, le match C\u00f4te d\u2019Ivoire-Madagascar, pr\u00e9vu le 12 novembre 2020 \u00e0 16 heures (GMT, heure locale) au stade Olympique Alassane Ouattara d\u2019Ebimp\u00e9, se jouera \u00ab\u00a0sans spectateurs et sans repr\u00e9sentants d\u2019organe de presse\u00a0\u00bb, souligne la FIF.<\/p>\n<p>Cependant, l\u2019\u00e9quipe de production de la RTI, la t\u00e9l\u00e9vision publique, en charge de la production et de la retransmission du match est autoris\u00e9e au stade, conclut la note.<\/p>\n<p>Le pr\u00e9sident de la F\u00e9d\u00e9ration ivoirienne de football, Sidi Diallo, a \u00e9t\u00e9 atteint de la Covid-19, a annonc\u00e9 l\u2019organisation dans un communiqu\u00e9, lundi. \u00a0 \u00a0<\/p>\n<\/div>\n<p>Auteur: APA News<br \/>\n<a href=\"https:\/\/www.journalducameroun.com\/can-2021-la-rencontre-cote-divoire-madagascar-a-huis-clos-en-raison-de-la-covid-19\/\">Cliquez ici pour lire l&rsquo;article depuis sa source.<\/a><\/p>\n","protected":false},"excerpt":{"rendered":"<p>Publi\u00e9 le 10.11.2020 \u00e0 22h18 par APA News Le match C\u00f4te d\u2019Ivoire-Madagascar, pr\u00e9vu le 12 novembre 2020 au stade Olympique Alassane Ouattara d\u2019Ebimp\u00e9, dans le cadre des \u00e9liminatoires de la CAN 2021 de football, se disputera \u00e0 huis clos en raison des restrictions li\u00e9es \u00e0 la Covid-19, annonce la F\u00e9d\u00e9ration ivoirienne de football (FIF).La FIF, [&hellip;]<\/p>\n","protected":false},"author":1965,"featured_media":0,"comment_status":"closed","ping_status":"closed","sticky":false,"template":"","format":"standard","meta":{"fifu_image_url":"","fifu_image_alt":"","footnotes":""},"categories":[73,82],"tags":[],"class_list":["post-104353","post","type-post","status-publish","format-standard","hentry","category-actualite","category-cameroun"],"_links":{"self":[{"href":"https:\/\/linitiative.ca\/International\/wp-json\/wp\/v2\/posts\/104353","targetHints":{"allow":["GET"]}}],"collection":[{"href":"https:\/\/linitiative.ca\/International\/wp-json\/wp\/v2\/posts"}],"about":[{"href":"https:\/\/linitiative.ca\/International\/wp-json\/wp\/v2\/types\/post"}],"author":[{"embeddable":true,"href":"https:\/\/linitiative.ca\/International\/wp-json\/wp\/v2\/users\/1965"}],"replies":[{"embeddable":true,"href":"https:\/\/linitiative.ca\/International\/wp-json\/wp\/v2\/comments?post=104353"}],"version-history":[{"count":0,"href":"https:\/\/linitiative.ca\/International\/wp-json\/wp\/v2\/posts\/104353\/revisions"}],"wp:attachment":[{"href":"https:\/\/linitiative.ca\/International\/wp-json\/wp\/v2\/media?parent=104353"}],"wp:term":[{"taxonomy":"category","embeddable":true,"href":"https:\/\/linitiative.ca\/International\/wp-json\/wp\/v2\/categories?post=104353"},{"taxonomy":"post_tag","embeddable":true,"href":"https:\/\/linitiative.ca\/International\/wp-json\/wp\/v2\/tags?post=104353"}],"curies":[{"name":"wp","href":"https:\/\/api.w.org\/{rel}","templated":true}]}}