{"id":104354,"date":"2020-11-10T16:18:04","date_gmt":"2020-11-10T21:18:04","guid":{"rendered":"https:\/\/linitiative.ca\/International\/cote-divoire-le-conseil-de-affi-envisage-de-demander-sa-mise-en-liberte-provisoire\/"},"modified":"2020-11-10T16:18:04","modified_gmt":"2020-11-10T21:18:04","slug":"cote-divoire-le-conseil-de-affi-envisage-de-demander-sa-mise-en-liberte-provisoire","status":"publish","type":"post","link":"https:\/\/linitiative.ca\/International\/cote-divoire-le-conseil-de-affi-envisage-de-demander-sa-mise-en-liberte-provisoire\/","title":{"rendered":"C\u00f4te d\u2019Ivoire: le Conseil de Affi envisage de demander sa \u00ab\u00a0mise en libert\u00e9 provisoire\u00a0\u00bb"},"content":{"rendered":"<div readability=\"32\">\n<p>Publi\u00e9 le 10.11.2020 \u00e0 22h18 par APA News<\/p>\n<\/div>\n<div readability=\"122\">\n<p>Le Conseil de l\u2019opposant ivoirien Pascal Affi Nguessan, mis sous mandat de d\u00e9p\u00f4t dans l\u2019affaire d\u2019atteinte \u00e0 l\u2019autorit\u00e9 de l\u2019Etat, envisage de demander sa \u00ab\u00a0mise en libert\u00e9 provisoire ou sous condition\u00a0\u00bb, a dit mardi \u00e0 APA Me God\u00e9 Dagbo, l\u2019un de ses avocats.Apr\u00e8s sa premi\u00e8re comparution, mardi, il est pr\u00e9vue une audition sur le fond de l\u2019affaire, avant que le juge d\u00e9cide de l\u2019envoyer devant un juge correctionnel ou pas, a fait savoir Me God\u00e9 Dagbo, un membre du collectif des avocats de M. Affi.<\/p>\n<p>Quand viendra le \u00ab\u00a0jugement au fond, nous en tant qu\u2019avocats, nous allons demander une mise en libert\u00e9 provisoire ou sous condition et le juge d\u00e9cidera sinon il l\u2019enverra devant un juge correctionnel\u00a0\u00bb, a ajout\u00e9 Me God\u00e9 Dagbo.<\/p>\n<p>Dans la matin\u00e9e de mardi, la juge qui l\u2019avait mis sous mandat de d\u00e9p\u00f4t avait rapport\u00e9 qu\u2019elle ne savait pas o\u00f9 il se trouvait, mais de se r\u00e9f\u00e9rer au procureur, avait indiqu\u00e9 \u00e0 APA Me God\u00e9 Dagbo, peu apr\u00e8s 13 heures (GMT, locale).\u00a0<\/p>\n<p>Interrog\u00e9 de savoir si M. Affi se trouvait \u00e0 la Maison d\u2019arr\u00eat et de correction d\u2019Abidjan (Maca), \u00ab\u00a0elle (la juge) dit non, il sera mis dans un endroit autre que la Maca, mais dans un environnement beaucoup plus s\u00fbr\u00a0\u00bb, avait rapport\u00e9 Me God\u00e9 Dagbo, citant la magistrate. \u00a0<\/p>\n<p>Autour de 15 heures \u00a0(GMT, locale), Me God\u00e9 Dagbo, apr\u00e8s avoir rencontr\u00e9 le procureur de la R\u00e9publique, a confi\u00e9 avoir eu \u00ab\u00a0une s\u00e9ance de travail tr\u00e8s instructive\u00a0\u00bb, tout en assurant que \u00ab\u00a0tout est rentr\u00e9 dans l\u2019ordre\u00a0\u00bb sans r\u00e9v\u00e9ler o\u00f9 est d\u00e9tenu M. Affi.<\/p>\n<p>Inculp\u00e9 pour son r\u00f4le dans la cr\u00e9ation du Conseil national de transition, un organe mis en place par l\u2019opposition politique et visant \u00e0 se substituer aux institutions de la R\u00e9publique, M. Affi a comparu lundi et mis sous mandat de d\u00e9p\u00f4t. \u00a0<\/p>\n<p>\u00c9voquant les chefs d\u2019accusations retenues contre lui, il a cit\u00e9 entre autres, l&rsquo;\u00a0\u00bbattentat et complot contre la s\u00fbret\u00e9 de l\u2019Etat, coup d\u2019Etat, crimes, viols, troubles \u00e0 l\u2019ordre public\u00a0\u00bb dans les violences li\u00e9es \u00e0 l\u2019\u00e9lection pr\u00e9sidentielle du 31 octobre 2020.<\/p>\n<p>\u00ab\u00a0Ce sont des accusations fantaisistes, car en Afrique quand on veut \u00e9liminer un opposant politique on lui donne tous les p\u00e9ch\u00e9s d\u2019Isra\u00ebl\u00a0\u00bb, a martel\u00e9 Me God\u00e9, qui soutient que M. Alassane Ouattara \u00ab\u00a0ne doit pas faire un troisi\u00e8me mandat (\u2026) ce qui est \u00e0 la base de tous les probl\u00e8mes aujourd\u2019hui\u00a0\u00bb.<\/p>\n<p>Selon Me God\u00e9 Dagbo, le chef de l\u2019Etat sortant Alassane Ouattara, r\u00e9\u00e9lu \u00e0 l\u2019issue du scrutin pr\u00e9sidentiel du 31 octobre 2020, brigue un \u00ab\u00a0troisi\u00e8me mandat\u00a0\u00bb qui \u00ab\u00a0n\u2019est pas dans la Constitution\u00a0\u00bb.<\/p>\n<p>MM. Affi et Henri Konan B\u00e9di\u00e9, pr\u00e9sident du Parti d\u00e9mocratique de C\u00f4te d\u2019Ivoire (Pdci), deux candidats de l\u2019opposition ont refus\u00e9 de participer \u00e0 l\u2019\u00e9lection pr\u00e9sidentielle, estimant que les conditions n\u2019\u00e9taient pas r\u00e9unies pour un scrutin cr\u00e9dible.<\/p>\n<p>L\u2019opposition qui a d\u00e9clar\u00e9 ne pas reconna\u00eetre ce scrutin, a cr\u00e9\u00e9 le Conseil national de transition, pr\u00e9sid\u00e9 par M. B\u00e9di\u00e9 qui devrait mettre en place un gouvernement de transition civile. Elle \u00e9t\u00e9 interrompue dans son \u00e9lan apr\u00e8s des interpellations.<\/p>\n<\/div>\n<p>Auteur: APA News<br \/>\n<a href=\"https:\/\/www.journalducameroun.com\/cote-divoire-le-conseil-de-affi-envisage-de-demander-sa-mise-en-liberte-provisoire\/\">Cliquez ici pour lire l&rsquo;article depuis sa source.<\/a><\/p>\n","protected":false},"excerpt":{"rendered":"<p>Publi\u00e9 le 10.11.2020 \u00e0 22h18 par APA News Le Conseil de l\u2019opposant ivoirien Pascal Affi Nguessan, mis sous mandat de d\u00e9p\u00f4t dans l\u2019affaire d\u2019atteinte \u00e0 l\u2019autorit\u00e9 de l\u2019Etat, envisage de demander sa \u00ab\u00a0mise en libert\u00e9 provisoire ou sous condition\u00a0\u00bb, a dit mardi \u00e0 APA Me God\u00e9 Dagbo, l\u2019un de ses avocats.Apr\u00e8s sa premi\u00e8re comparution, mardi, [&hellip;]<\/p>\n","protected":false},"author":1965,"featured_media":0,"comment_status":"closed","ping_status":"closed","sticky":false,"template":"","format":"standard","meta":{"fifu_image_url":"","fifu_image_alt":"","footnotes":""},"categories":[73,82],"tags":[],"class_list":["post-104354","post","type-post","status-publish","format-standard","hentry","category-actualite","category-cameroun"],"_links":{"self":[{"href":"https:\/\/linitiative.ca\/International\/wp-json\/wp\/v2\/posts\/104354","targetHints":{"allow":["GET"]}}],"collection":[{"href":"https:\/\/linitiative.ca\/International\/wp-json\/wp\/v2\/posts"}],"about":[{"href":"https:\/\/linitiative.ca\/International\/wp-json\/wp\/v2\/types\/post"}],"author":[{"embeddable":true,"href":"https:\/\/linitiative.ca\/International\/wp-json\/wp\/v2\/users\/1965"}],"replies":[{"embeddable":true,"href":"https:\/\/linitiative.ca\/International\/wp-json\/wp\/v2\/comments?post=104354"}],"version-history":[{"count":0,"href":"https:\/\/linitiative.ca\/International\/wp-json\/wp\/v2\/posts\/104354\/revisions"}],"wp:attachment":[{"href":"https:\/\/linitiative.ca\/International\/wp-json\/wp\/v2\/media?parent=104354"}],"wp:term":[{"taxonomy":"category","embeddable":true,"href":"https:\/\/linitiative.ca\/International\/wp-json\/wp\/v2\/categories?post=104354"},{"taxonomy":"post_tag","embeddable":true,"href":"https:\/\/linitiative.ca\/International\/wp-json\/wp\/v2\/tags?post=104354"}],"curies":[{"name":"wp","href":"https:\/\/api.w.org\/{rel}","templated":true}]}}