{"id":104365,"date":"2020-11-11T09:00:10","date_gmt":"2020-11-11T14:00:10","guid":{"rendered":"https:\/\/linitiative.ca\/International\/hausse-des-deces-covid-dans-loriental-les-explications-de-la-sante\/"},"modified":"2020-11-11T09:00:10","modified_gmt":"2020-11-11T14:00:10","slug":"hausse-des-deces-covid-dans-loriental-les-explications-de-la-sante","status":"publish","type":"post","link":"https:\/\/linitiative.ca\/International\/hausse-des-deces-covid-dans-loriental-les-explications-de-la-sante\/","title":{"rendered":"Hausse des d\u00e9c\u00e8s Covid dans l\u2019Oriental :  Les explications de la Sant\u00e9"},"content":{"rendered":"<p><img decoding=\"async\" class=\"post_layout_5_img\" src=\"http:\/\/aujourdhui.ma\/wp-content\/uploads\/2020\/11\/Ambulance-covid-19-Coronavirus.jpg\" alt=\"Hausse des d&#xE9;c&#xE8;s Covid dans l&#x2019;Oriental : Les explications de la Sant&#xE9;\"\/><\/p>\n<p><span class=\"c5\"><strong>Les personnes \u00e2g\u00e9es et les malades chroniques en premi\u00e8re ligne<\/strong><\/span><br \/><span id=\"more-360122\"\/><\/p>\n<p>La r\u00e9gion de l\u2019Oriental fait face \u00e0 une \u00e9volution inqui\u00e9tante de la situation \u00e9pid\u00e9miologique et plus particuli\u00e8rement dans la ville d\u2019Oujda. Les cas positifs ne cessent d\u2019augmenter comme l\u2019atteste le bulletin quotidien du minist\u00e8re de la sant\u00e9. Le nombre de cas positifs durant ces derniers jours varie entre 300 et plus de 700 cas quotidiennement. La r\u00e9gion fait aussi face \u00e0 une hausse des d\u00e9c\u00e8s.<\/p>\n<p>Durant la journ\u00e9e du 9 novembre, 12 d\u00e9c\u00e8s ont \u00e9t\u00e9 enregistr\u00e9s. Plusieurs causes sont \u00e0 l\u2019origine de l\u2019aggravation de la situation dans la r\u00e9gion. Dans un communiqu\u00e9 publi\u00e9 mardi, la direction r\u00e9gionale de la sant\u00e9 (DRS) de l\u2019Oriental attribue cette \u00e9volution \u00e0 l\u2019augmentation du taux d\u2019infection chez les personnes \u00e2g\u00e9es ainsi que chez les malades souffrant de maladies chroniques. Par ailleurs, plusieurs patients arrivent dans les h\u00f4pitaux \u00e0 des stades avanc\u00e9s voire tr\u00e8s avanc\u00e9s. Malgr\u00e9 les efforts du corps m\u00e9dical, ces patients ne peuvent pas \u00eatre sauv\u00e9s. La plupart des personnes d\u00e9c\u00e9d\u00e9es sont des personnes \u00e2g\u00e9es. Leur moyenne d\u2019\u00e2ge est de 65 ans. Elles arrivent quasiment toutes avec des facteurs de comorbidit\u00e9. A ce sujet, la direction r\u00e9gionale pr\u00e9cise que \u00abcertains cas de d\u00e9c\u00e8s enregistr\u00e9s sont dus \u00e0 leur arriv\u00e9e tardive au sein des unit\u00e9s hospitali\u00e8res\u00bb. Cela dit, la DRS fait savoir que le taux de gu\u00e9rison chez les patients ayant \u00e9t\u00e9 admis en r\u00e9animation est de 85%.<\/p>\n<p><strong>Hausse des cas s\u00e9v\u00e8res \u00e0 Nador<\/strong><\/p>\n<p>La ville de Nador fait aussi face \u00e0 une recrudescence des cas de contamination au coronavirus et plus principalement les cas s\u00e9v\u00e8res et critiques. Pour faire face \u00e0 la situation qui devient de plus en plus alarmante, la d\u00e9l\u00e9gation provinciale de la sant\u00e9 \u00e0 Nador a annonc\u00e9, lundi, avoir pris un ensemble de mesures. Parmi celles-ci figure le d\u00e9ploiement de six centres de sant\u00e9 de r\u00e9f\u00e9rence \u00e9quip\u00e9s des moyens requis pour l\u2019identification des cas contacts \u00e0 travers le test PCR, et la prise en charge des patients contamin\u00e9s.<\/p>\n<p>Il s\u2019agit des centres de sant\u00e9 urbains Al Masjid, Al Omarane, Taouima, Zaio, Beni Ensar et Bni Oukil Oulad M\u2019hnad. La d\u00e9l\u00e9gation de la sant\u00e9 a dot\u00e9 tous les centres de sant\u00e9 de la province des moyens n\u00e9cessaires pour la r\u00e9alisation de tests rapides de d\u00e9pistage au profit des cat\u00e9gories vuln\u00e9rables (personnes \u00e2g\u00e9es de 65 ans et plus, les diab\u00e9tiques, hypertension art\u00e9rielle, \u2026), et ce dans l\u2019objectif de leur assurer un traitement pr\u00e9coce. Les mesures prises portent aussi sur le d\u00e9ploiement et l\u2019\u00e9quipement d\u2019une unit\u00e9 sp\u00e9ciale pour les urgences respiratoires au sein de l\u2019h\u00f4pital provincial Hassani afin de recevoir et prendre en charge (d\u00e9pistage et traitement) les cas urgents susceptibles d\u2019\u00eatres infect\u00e9s par le coronavirus. Il a \u00e9galement \u00e9t\u00e9 proc\u00e9d\u00e9 au renforcement du staff m\u00e9dical en charge du traitement et du suivi des patients infect\u00e9s \u00e0 la Covid-19 au niveau du service de confinement sanitaire et du service de r\u00e9animation et de soins intensifs. La d\u00e9l\u00e9gation provinciale de la sant\u00e9 appelle les citoyens \u00e0 respecter les mesures pr\u00e9ventives pr\u00e9conis\u00e9es par les autorit\u00e9s sanitaires (port du masque, distanciation sociale, hygi\u00e8ne des mains, \u2026) pour endiguer la propagation du virus.<\/p>\n<p>Auteur: Laila Zerrour<br \/>\n<a href=\"https:\/\/aujourdhui.ma\/societe\/hausse-des-deces-covid-dans-loriental-les-explications-de-la-sante\">Cliquez ici pour lire l&rsquo;article depuis sa source.<\/a><\/p>\n","protected":false},"excerpt":{"rendered":"<p>Les personnes \u00e2g\u00e9es et les malades chroniques en premi\u00e8re ligne La r\u00e9gion de l\u2019Oriental fait face \u00e0 une \u00e9volution inqui\u00e9tante de la situation \u00e9pid\u00e9miologique et plus particuli\u00e8rement dans la ville d\u2019Oujda. Les cas positifs ne cessent d\u2019augmenter comme l\u2019atteste le bulletin quotidien du minist\u00e8re de la sant\u00e9. Le nombre de cas positifs durant ces derniers [&hellip;]<\/p>\n","protected":false},"author":1759,"featured_media":104366,"comment_status":"closed","ping_status":"closed","sticky":false,"template":"","format":"standard","meta":{"fifu_image_url":"","fifu_image_alt":"","footnotes":""},"categories":[73,54],"tags":[],"class_list":["post-104365","post","type-post","status-publish","format-standard","has-post-thumbnail","hentry","category-actualite","category-maroc"],"_links":{"self":[{"href":"https:\/\/linitiative.ca\/International\/wp-json\/wp\/v2\/posts\/104365","targetHints":{"allow":["GET"]}}],"collection":[{"href":"https:\/\/linitiative.ca\/International\/wp-json\/wp\/v2\/posts"}],"about":[{"href":"https:\/\/linitiative.ca\/International\/wp-json\/wp\/v2\/types\/post"}],"author":[{"embeddable":true,"href":"https:\/\/linitiative.ca\/International\/wp-json\/wp\/v2\/users\/1759"}],"replies":[{"embeddable":true,"href":"https:\/\/linitiative.ca\/International\/wp-json\/wp\/v2\/comments?post=104365"}],"version-history":[{"count":0,"href":"https:\/\/linitiative.ca\/International\/wp-json\/wp\/v2\/posts\/104365\/revisions"}],"wp:featuredmedia":[{"embeddable":true,"href":"https:\/\/linitiative.ca\/International\/wp-json\/"}],"wp:attachment":[{"href":"https:\/\/linitiative.ca\/International\/wp-json\/wp\/v2\/media?parent=104365"}],"wp:term":[{"taxonomy":"category","embeddable":true,"href":"https:\/\/linitiative.ca\/International\/wp-json\/wp\/v2\/categories?post=104365"},{"taxonomy":"post_tag","embeddable":true,"href":"https:\/\/linitiative.ca\/International\/wp-json\/wp\/v2\/tags?post=104365"}],"curies":[{"name":"wp","href":"https:\/\/api.w.org\/{rel}","templated":true}]}}