{"id":104371,"date":"2020-11-11T09:01:24","date_gmt":"2020-11-11T14:01:24","guid":{"rendered":"https:\/\/linitiative.ca\/International\/le-realisateur-daoud-oulad-sayed-honore\/"},"modified":"2020-11-11T09:01:24","modified_gmt":"2020-11-11T14:01:24","slug":"le-realisateur-daoud-oulad-sayed-honore","status":"publish","type":"post","link":"https:\/\/linitiative.ca\/International\/le-realisateur-daoud-oulad-sayed-honore\/","title":{"rendered":"Le r\u00e9alisateur Daoud Oulad Sayed honor\u00e9"},"content":{"rendered":"<p class=\"has-text-color has-vivid-red-color c2\">Festival d\u2019Alexandrie du film m\u00e9diterran\u00e9en<\/p>\n<p class=\"has-text-color c3\"><strong>Le r\u00e9alisateur cin\u00e9matographique et photographe marocain, Daoud Oulad Sayed, a \u00e9t\u00e9 honor\u00e9 mardi en marge des activit\u00e9s de la 36\u00e8me \u00e9dition du Festival international d\u2019Alexandrie du film m\u00e9diterran\u00e9en.<\/strong><\/p>\n<p>A cette occasion, un s\u00e9minaire a \u00e9t\u00e9 organis\u00e9 pour mettre en lumi\u00e8re le cin\u00e9ma marocain et le riche parcours artistique de Daoud Oulad Sayed, avec la participation du directeur du festival, Amir Abada, et d\u2019un parterre de cin\u00e9astes et d\u2019artistes de diff\u00e9rentes nationalit\u00e9s.<\/p>\n<p>Les mots prononc\u00e9s lors de l\u2019\u00e9v\u00e9nement ont unanimement soulign\u00e9 que Oulad Sayed est l\u2019un des plus grands metteurs en sc\u00e8ne dans le monde arabe actuellement, mettant en avant le \u00ab\u00a0grand succ\u00e8s\u00a0\u00bb de ses \u0153uvres, qu\u2019il s\u2019agisse de longs m\u00e9trages ou de documentaires. Daoud Oulad Sayed est un photographe et r\u00e9alisateur de talent qui a laiss\u00e9 sa marque dans le monde de l\u2019art, ont d\u00e9clar\u00e9 les intervenants, rappelant que ses films ont remport\u00e9 de nombreux prix locaux et internationaux.<\/p>\n<p>Le s\u00e9minaire a \u00e9galement mis l\u2019accent sur l\u2019essor du cin\u00e9ma marocain au cours des derni\u00e8res ann\u00e9es, et sa forte pr\u00e9sence dans les festivals arabes et internationaux gr\u00e2ce au fort soutien de l\u2019Etat \u00e0 l\u2019art et \u00e0 la culture.<\/p>\n<p>Le r\u00e9alisateur marocain a exprim\u00e9 sa gratitude pour ce geste du Festival international d\u2019Alexandrie, consid\u00e9rant cette nouvelle distinction comme une autre responsabilit\u00e9 et une motivation pour continuer \u00e0 diffuser les valeurs de l\u2019art et du cin\u00e9ma, ainsi que les valeurs d\u2019amour et d\u2019amiti\u00e9 qui unissent les artistes marocains et leurs homologues \u00e9gyptiens.<\/p>\n<p>Il a \u00e9galement exprim\u00e9 sa reconnaissance et sa gratitude au pr\u00e9sident du festival, et \u00e0 son directeur artistique, Assa Zakaria, relevant que le Festival international d\u2019Alexandrie est l\u2019un des \u00e9v\u00e8nements les plus r\u00e9ussis au niveau r\u00e9gional et international.<\/p>\n<p>En \u00e9voquant le succ\u00e8s et le d\u00e9veloppement remarquable du cin\u00e9ma marocain, Oulad Sayed a attribu\u00e9 cette r\u00e9ussite au grand soutien de l\u2019\u00c9tat au secteur et \u00e0 la politique adopt\u00e9e par le Maroc en mati\u00e8re d\u2019art et de culture.<\/p>\n<p>Le r\u00e9alisateur marocain Daoud Oulad Sayed est parmi les membres du jury du Festival international d\u2019Alexandrie du film m\u00e9diterran\u00e9en, pr\u00e9sid\u00e9 par la cin\u00e9aste \u00e9gyptienne Inass Deghidi. Le jury est compos\u00e9 \u00e9galement de l\u2019\u00e9crivain et producteur italien Marc Serena et des actrices italiennes Marzia Tedeschi et Angelique Kafalary.<\/p>\n<p>Le Maroc est repr\u00e9sent\u00e9 \u00e0 la comp\u00e9tition officielle du festival par le film \u00ab\u00a0The punch\u00a0\u00bb du jeune r\u00e9alisateur Mohamed Amine Mouna qui d\u00e9barque \u00e0 Alexandrie avec son premier long-m\u00e9trage apr\u00e8s plusieurs courts-m\u00e9trages et s\u00e9ries t\u00e9l\u00e9vis\u00e9es.<\/p>\n<p>\u00ab\u00a0The Punch\u00a0\u00bb avait re\u00e7u les prix du montage et de la musique authentique lors de la 21\u00e8me \u00e9dition du film national de Tanger. Il relate l\u2019histoire de Rabii, un jeune ch\u00f4meur issu d\u2019un milieu d\u00e9favorable, qui rencontre Mustapha, un ancien boxeur rat\u00e9 \u00e0 cause de sa d\u00e9pendance \u00e0 l\u2019alcool. Mustapha essaye de convaincre Rabii pour devenir une l\u00e9gende de la boxe.<\/p>\n<p>Auteur: M&rsquo;hammed rahal<br \/>\n<a href=\"http:\/\/albayane.press.ma\/le-realisateur-daoud-oulad-sayed-honore.html\">Cliquez ici pour lire l&rsquo;article depuis sa source.<\/a><\/p>\n","protected":false},"excerpt":{"rendered":"<p>Festival d\u2019Alexandrie du film m\u00e9diterran\u00e9en Le r\u00e9alisateur cin\u00e9matographique et photographe marocain, Daoud Oulad Sayed, a \u00e9t\u00e9 honor\u00e9 mardi en marge des activit\u00e9s de la 36\u00e8me \u00e9dition du Festival international d\u2019Alexandrie du film m\u00e9diterran\u00e9en. A cette occasion, un s\u00e9minaire a \u00e9t\u00e9 organis\u00e9 pour mettre en lumi\u00e8re le cin\u00e9ma marocain et le riche parcours artistique de Daoud [&hellip;]<\/p>\n","protected":false},"author":1760,"featured_media":0,"comment_status":"closed","ping_status":"closed","sticky":false,"template":"","format":"standard","meta":{"fifu_image_url":"","fifu_image_alt":"","footnotes":""},"categories":[73,54],"tags":[],"class_list":["post-104371","post","type-post","status-publish","format-standard","hentry","category-actualite","category-maroc"],"_links":{"self":[{"href":"https:\/\/linitiative.ca\/International\/wp-json\/wp\/v2\/posts\/104371","targetHints":{"allow":["GET"]}}],"collection":[{"href":"https:\/\/linitiative.ca\/International\/wp-json\/wp\/v2\/posts"}],"about":[{"href":"https:\/\/linitiative.ca\/International\/wp-json\/wp\/v2\/types\/post"}],"author":[{"embeddable":true,"href":"https:\/\/linitiative.ca\/International\/wp-json\/wp\/v2\/users\/1760"}],"replies":[{"embeddable":true,"href":"https:\/\/linitiative.ca\/International\/wp-json\/wp\/v2\/comments?post=104371"}],"version-history":[{"count":0,"href":"https:\/\/linitiative.ca\/International\/wp-json\/wp\/v2\/posts\/104371\/revisions"}],"wp:attachment":[{"href":"https:\/\/linitiative.ca\/International\/wp-json\/wp\/v2\/media?parent=104371"}],"wp:term":[{"taxonomy":"category","embeddable":true,"href":"https:\/\/linitiative.ca\/International\/wp-json\/wp\/v2\/categories?post=104371"},{"taxonomy":"post_tag","embeddable":true,"href":"https:\/\/linitiative.ca\/International\/wp-json\/wp\/v2\/tags?post=104371"}],"curies":[{"name":"wp","href":"https:\/\/api.w.org\/{rel}","templated":true}]}}