{"id":104372,"date":"2020-11-11T09:10:40","date_gmt":"2020-11-11T14:10:40","guid":{"rendered":"https:\/\/linitiative.ca\/International\/%ef%bb%bfcovid-19-les-etats-unis-enregistrent-de-nouveaux-records\/"},"modified":"2020-11-11T09:10:40","modified_gmt":"2020-11-11T14:10:40","slug":"%ef%bb%bfcovid-19-les-etats-unis-enregistrent-de-nouveaux-records","status":"publish","type":"post","link":"https:\/\/linitiative.ca\/International\/%ef%bb%bfcovid-19-les-etats-unis-enregistrent-de-nouveaux-records\/","title":{"rendered":"\ufeffCovid-19: les Etats-Unis enregistrent de nouveaux records"},"content":{"rendered":"<p class=\"has-text-color has-vivid-red-color c2\"><strong>En attendant un vaccin<\/strong><\/p>\n<p class=\"has-text-color c3\"><strong>En attendant l\u2019arriv\u00e9e d\u2019un vaccin esp\u00e9r\u00e9 d\u2019ici la fin de l\u2019ann\u00e9e, les Etats-Unis battent record sur record du nombre d\u2019infections au coronavirus et un nombre grandissant de pays se reconfinent, telle la Hongrie mercredi.<\/strong><\/p>\n<p class=\"has-text-color has-very-dark-gray-color\">Ayant r\u00e9cemment franchi la barre des 10 millions de cas de Covid-19, la premi\u00e8re puissance \u00e9conomique mondiale a comptabilis\u00e9 201.961 cas en 24H, selon le comptage mardi \u00e0 20H30 (01H30 GMT mercredi) de Johns Hopkins, un chiffre en partie gonfl\u00e9 par des remont\u00e9es de donn\u00e9es du week-end.<\/p>\n<p>De loin le pays le plus endeuill\u00e9 par la pand\u00e9mie, les Etats-Unis ont \u00e9galement d\u00e9plor\u00e9 plus de 1.500 morts suppl\u00e9mentaires, leur nombre approchant d\u00e9sormais la barre des 240.000.<\/p>\n<p>Depuis une semaine, le nombre d\u2019infections quotidiennes au Covid-19 y d\u00e9passe r\u00e9guli\u00e8rement les 100.000, des niveaux jamais atteints jusqu\u2019ici, et celui des hospitalisations bat lui aussi des records.<\/p>\n<p>R\u00e9guli\u00e8rement minimis\u00e9e par le pr\u00e9sident sortant Donald Trump, la pand\u00e9mie a plong\u00e9 le pays dans sa pire crise sanitaire depuis la grippe espagnole de 1918.<\/p>\n<p>Son rival d\u00e9mocrate, le pr\u00e9sident \u00e9lu Joe Biden, a dress\u00e9 en d\u00e9but de semaine les contours de son plan de lutte contre l\u2019\u00e9pid\u00e9mie, dont il a fait la priorit\u00e9 num\u00e9ro un de son futur mandat. Il a d\u00e9voil\u00e9 lundi le nom des membres de la cellule de crise consacr\u00e9e \u00e0 oeuvrer sur le sujet, d\u00e8s son entr\u00e9e \u00e0 la Maison Blanche, pr\u00e9vue le 20 janvier.<\/p>\n<p>Le pays s\u2019accroche aussi \u00e0 l\u2019annonce faite lundi par les laboratoires Pfizer et BioNTech d\u2019un vaccin \u00abefficace \u00e0 90%\u00bb contre le Covid-19.<\/p>\n<p>Le gouvernement am\u00e9ricain, sous l\u2019impulsion du pr\u00e9sident Trump, a sign\u00e9 un contrat de 1,95 milliard de dollars avec Pfizer pour la livraison de 100 millions de doses, si jamais le vaccin \u00e9tait approuv\u00e9. Il esp\u00e8re commencer \u00e0 vacciner les personnes vuln\u00e9rables avant la fin de l\u2019ann\u00e9e.<\/p>\n<p>Pfizer a pr\u00e9vu de d\u00e9poser une demande d\u2019autorisation \u00e0 l\u2019Agence am\u00e9ricaine des m\u00e9dicaments (FDA), \u00e0 condition que l\u2019innocuit\u00e9 du vaccin soit confirm\u00e9e, d\u2019ici la semaine prochaine. La distribution ne serait plus qu\u2019une question de \u00absemaines\u00bb, a assur\u00e9 Alex Azar, secr\u00e9taire am\u00e9ricain \u00e0 la Sant\u00e9.<\/p>\n<p>De son c\u00f4t\u00e9, l\u2019Union europ\u00e9enne a annonc\u00e9 mardi qu\u2019elle allait signer un contrat \u00abdans les prochains jours\u00bb pour acheter jusqu\u2019\u00e0 300 millions de doses du vaccin contre le Covid de l\u2019am\u00e9ricain Pfizer et l\u2019allemand BioNTech.<\/p>\n<p>L\u2019UE estime qu\u2019un vaccin pourrait \u00eatre autoris\u00e9 \u00abd\u00e9but 2021\u00bb, selon une source europ\u00e9enne. En attendant, les pays europ\u00e9ens multiplient les restrictions pour enrayer la deuxi\u00e8me vague.<\/p>\n<p>Derni\u00e8re en date apr\u00e8s la France, l\u2019Angleterre et plusieurs autres, la Hongrie impose depuis mercredi un confinement partiel cens\u00e9 durer au minimum 30 jours: les rassemblements sont d\u00e9sormais interdits, les restaurants ferm\u00e9s, les \u00e9v\u00e9nements culturels et de loisirs annul\u00e9s et le couvre-feu \u00e9tendu de 20H00 \u00e0 05H00.<\/p>\n<p>\u00abJe suis d\u2019accord avec toutes les mesures, mais tout est all\u00e9 si vite avec juste quelques heures de pr\u00e9avis\u00bb, confiait \u00e0 l\u2019AFP Maria Backsai, une retrait\u00e9e, d\u00fbment masqu\u00e9e, rencontr\u00e9e mercredi dans une rue de Budapest.<\/p>\n<p>Dans les heures pr\u00e9c\u00e9dant la fermeture, clients et employ\u00e9s s\u2019imaginaient une vie sans bar pendant un mois.<\/p>\n<p>\u00abNous ferons des excursions ou ce genre de choses plut\u00f4t que d\u2019aller au pub\u00bb, expliquait un \u00e9tudiant de 22 ans, Lorinc Fritz. Serveur au bistrot Bem Buffet, Szabolcs Szele disait, lui, \u00eatre en qu\u00eate d\u2019un nouvel emploi: \u00abSi je n\u2019en trouve pas, je devrai vivre de l\u2019aide de mes amis ou de ma famille\u00bb.<\/p>\n<p>Avant m\u00eame l\u2019affermissement de l\u2019accord pr\u00e9liminaire conclu d\u00e9but septembre avec BioNTech et Pfizer, l\u2019UE a d\u00e9j\u00e0 sign\u00e9 trois contrats pour pr\u00e9commander d\u2019\u00e9ventuels vaccins: avec le su\u00e9do-britannique AstraZenaca et l\u2019am\u00e9ricain Johnson &amp; Johnson (jusqu\u2019\u00e0 400 millions de doses aupr\u00e8s de chacun), ainsi qu\u2019avec le duo franco-britannique Sanofi-GSK (jusqu\u2019\u00e0 300 millions de doses).<\/p>\n<p>D\u2019autres pays \u2013Japon, Canada, Royaume-Uni\u2026\u2013 ont \u00e9galement pass\u00e9 commande aupr\u00e8s de Pfizer. Et les ONG s\u2019inqui\u00e8tent depuis des mois de la monopolisation des doses par les pays riches.<\/p>\n<p>\u00abLe vaccin sera efficace \u00e0 0% pour les personnes qui n\u2019ont pas les moyens d\u2019y acc\u00e9der\u00bb, a r\u00e9agi Robin Guittard, porte-parole d\u2019Oxfam France.<\/p>\n<p>Jusqu\u2019ici l\u2019un des rares pays au monde \u00e0 avoir \u00e9t\u00e9 pr\u00e9serv\u00e9 de la pand\u00e9mie, l\u2019archipel du Vanuatu a annonc\u00e9 mercredi son premier cas de coronavirus, un jeune homme revenu r\u00e9cemment des Etats-Unis.<\/p>\n<p>Auteur: M&rsquo;hammed rahal<br \/>\n<a href=\"http:\/\/albayane.press.ma\/%EF%BB%BFcovid-19-les-etats-unis-enregistrent-de-nouveaux-records.html\">Cliquez ici pour lire l&rsquo;article depuis sa source.<\/a><\/p>\n","protected":false},"excerpt":{"rendered":"<p>En attendant un vaccin En attendant l\u2019arriv\u00e9e d\u2019un vaccin esp\u00e9r\u00e9 d\u2019ici la fin de l\u2019ann\u00e9e, les Etats-Unis battent record sur record du nombre d\u2019infections au coronavirus et un nombre grandissant de pays se reconfinent, telle la Hongrie mercredi. Ayant r\u00e9cemment franchi la barre des 10 millions de cas de Covid-19, la premi\u00e8re puissance \u00e9conomique mondiale [&hellip;]<\/p>\n","protected":false},"author":1760,"featured_media":0,"comment_status":"closed","ping_status":"closed","sticky":false,"template":"","format":"standard","meta":{"fifu_image_url":"","fifu_image_alt":"","footnotes":""},"categories":[73,54],"tags":[],"class_list":["post-104372","post","type-post","status-publish","format-standard","hentry","category-actualite","category-maroc"],"_links":{"self":[{"href":"https:\/\/linitiative.ca\/International\/wp-json\/wp\/v2\/posts\/104372","targetHints":{"allow":["GET"]}}],"collection":[{"href":"https:\/\/linitiative.ca\/International\/wp-json\/wp\/v2\/posts"}],"about":[{"href":"https:\/\/linitiative.ca\/International\/wp-json\/wp\/v2\/types\/post"}],"author":[{"embeddable":true,"href":"https:\/\/linitiative.ca\/International\/wp-json\/wp\/v2\/users\/1760"}],"replies":[{"embeddable":true,"href":"https:\/\/linitiative.ca\/International\/wp-json\/wp\/v2\/comments?post=104372"}],"version-history":[{"count":0,"href":"https:\/\/linitiative.ca\/International\/wp-json\/wp\/v2\/posts\/104372\/revisions"}],"wp:attachment":[{"href":"https:\/\/linitiative.ca\/International\/wp-json\/wp\/v2\/media?parent=104372"}],"wp:term":[{"taxonomy":"category","embeddable":true,"href":"https:\/\/linitiative.ca\/International\/wp-json\/wp\/v2\/categories?post=104372"},{"taxonomy":"post_tag","embeddable":true,"href":"https:\/\/linitiative.ca\/International\/wp-json\/wp\/v2\/tags?post=104372"}],"curies":[{"name":"wp","href":"https:\/\/api.w.org\/{rel}","templated":true}]}}