{"id":104373,"date":"2020-11-11T09:23:27","date_gmt":"2020-11-11T14:23:27","guid":{"rendered":"https:\/\/linitiative.ca\/International\/%ef%bb%bfvaccination-anti-covid-19-quelque-10-millions-de-doses-pour-une-premiere-etape\/"},"modified":"2020-11-11T09:23:27","modified_gmt":"2020-11-11T14:23:27","slug":"%ef%bb%bfvaccination-anti-covid-19-quelque-10-millions-de-doses-pour-une-premiere-etape","status":"publish","type":"post","link":"https:\/\/linitiative.ca\/International\/%ef%bb%bfvaccination-anti-covid-19-quelque-10-millions-de-doses-pour-une-premiere-etape\/","title":{"rendered":"\ufeffVaccination anti-Covid-19: \u00abquelque 10 millions de doses pour une premi\u00e8re \u00e9tape\u00bb"},"content":{"rendered":"<p class=\"has-text-color has-vivid-red-color c2\"><strong>Azeddine Ibrahimi, directeur du laboratoire de biotechnologie de Rabat<\/strong><\/p>\n<p class=\"c3\"><strong>Oumaima Berguig (MAP)<\/strong><\/p>\n<p class=\"has-text-color c4\"><strong>Le directeur du laboratoire de biotechnologie de la facult\u00e9 de m\u00e9decine et de pharmacie de Rabat, Azeddine Ibrahimi revient, dans un entretien \u00e0 la MAP, sur le lancement dans les prochaines semaines d\u2019une op\u00e9ration massive de vaccination contre la Covid-19, conform\u00e9ment aux Hautes orientations de SM le Roi Mohammed VI.<\/strong><\/p>\n<p class=\"has-text-color has-vivid-red-color\"><strong>Quel est l\u2019objectif de la Campagne de vaccination anti-covid-19 qui aura lieu bient\u00f4t au Maroc?<\/strong><\/p>\n<p>C\u2019est tr\u00e8s clair que pour plus ou moins combattre la pand\u00e9mie de la Covid-19, il faut avoir une immunit\u00e9 soit naturelle, soit acquise. L\u2019immunit\u00e9 naturelle, c\u2019est ce qui arrive en ce moment, c\u2019est \u00e0 dire que les gens qui vont \u00eatre affect\u00e9s par le Coronavirus d\u00e9veloppent des anticorps leur permettant de combattre le virus.<\/p>\n<p>Pour ce qui est de l\u2019immunit\u00e9 acquise, il s\u2019agit d\u2019utiliser un vaccin. A ce propos, j\u2019assure que cette op\u00e9ration est ma\u00eetrisable : le vaccin va \u00e0 travers un antig\u00e8ne permettre au corps de d\u00e9velopper des anticorps qui vont combattre, une fois qu\u2019on attrape le virus. Ce proc\u00e9d\u00e9 est int\u00e9ressant parce qu\u2019il permettra d\u2019avoir une immunit\u00e9 acquise pour combattre le virus, ce qui est essentiel pour apporter une solution radicale face aux \u00e9pid\u00e9mies ou pand\u00e9mies.<\/p>\n<p class=\"has-text-color has-vivid-red-color\"><strong>Qu\u2019en est-il de la faisabilit\u00e9 d\u2019une telle campagne massive?<\/strong><\/p>\n<p>C\u2019est tr\u00e8s int\u00e9ressant de parler de ce volet parce qu\u2019il y a risque de confondre beaucoup de choses, notamment entre le d\u00e9veloppement d\u2019un vaccin, qui est une \u00e9tape \u00e0 part et la vaccination de masse, qui en est une autre.<\/p>\n<p>Quand il y a une pand\u00e9mie ou une \u00e9pid\u00e9mie, ce qu\u2019on va faire au d\u00e9part, c\u2019est caract\u00e9riser l\u2019agent pathog\u00e8ne, puis proposer des antig\u00e8nes qui vont cr\u00e9er des anti-corps. Ensuite, on proc\u00e8de \u00e0 des tests chez les animaux et par la suite chez les humains, avant de d\u00e9velopper un vaccin qui doit obligatoirement avoir les autorisations n\u00e9cessaires de mise sur le march\u00e9, en particulier les trois qualit\u00e9s essentielles qui sont la toxicit\u00e9, l\u2019efficacit\u00e9 et la qualit\u00e9 de production.<\/p>\n<p>Ces crit\u00e8res vont permettre aux agents comp\u00e9tents de donner l\u2019autorisation du vaccin. Au Maroc, l\u2019administration en charge de cette mission est la direction de m\u00e9dicaments et de pharmacie.<\/p>\n<p>L\u2019accent a \u00e9t\u00e9 mis sur la mani\u00e8re de faire parvenir le vaccin dans de bonnes conditions ? comment choisir et s\u00e9lectionner les cat\u00e9gories de personnes ? qui seront les premiers ? et donc l\u00e0 on passe \u00e0 une autre \u00e9tape, une autre dimension. C\u2019est pour cela qu\u2019on a besoin d\u2019une approche collaborative avec, notamment, tous les acteurs concern\u00e9s comme le minist\u00e8re de la Sant\u00e9 pour permettre une distribution efficace.<\/p>\n<p class=\"has-text-color has-vivid-red-color\"><strong>Sur quelle base les cat\u00e9gories cibl\u00e9es en premier par la vaccination ont \u00e9t\u00e9 choisies?<\/strong><\/p>\n<p>Au Maroc, nous avons d\u00e9j\u00e0 une culture de vaccination, donc nous avons des rouages bien pr\u00e9cis. Ainsi il faut rappeler que l\u2019Organisation mondiale de la sant\u00e9 (OMS) a d\u00e9j\u00e0 sorti des recommandations sur comment faire la vaccination de masse et, donc, il y a une priorit\u00e9 pour les gens qui vont le recevoir en premier. Nous allons commencer par le personnel de la Sant\u00e9, de la S\u00fbret\u00e9 nationale et des autorit\u00e9s locales car ils sont en premi\u00e8re ligne dans la lutte contre cette pand\u00e9mie.<\/p>\n<p>La deuxi\u00e8me partie cible les personnes qui sont plus ou moins vers un \u00e2ge particulier et qui ont, par exemple, des pathologies ou des maladies chroniques, c\u2019est quelque chose d\u2019essentiel. Tout cela dans un souci bien pr\u00e9cis, parce que nous aurons un nombre r\u00e9duit de doses au d\u00e9part \u00e0 peu pr\u00e8s 10 millions de doses et on va essayer de le faire, selon les priorit\u00e9s. C\u2019est quelque chose d\u2019essentiel qui va ouvrir la voie par la suite \u00e0 avoir le vaccin.<\/p>\n<p class=\"has-text-color has-vivid-red-color\"><strong>Comment r\u00e9pondre aux r\u00e9ticences face \u00e0 la vaccination anti-Covid-19?<\/strong><\/p>\n<p>Il faut savoir que la communication est une chose essentielle avant toute campagne de vaccination de masse, afin de permettre aux gens de bien comprendre de quoi il s\u2019agit, loin de toute th\u00e9orie de complot.<br \/>Heureusement que nous avons cette culture de vaccin au Maroc, parce que le vaccin est un ensemble de technologies tr\u00e8s anciennes qui \u00e9taient l\u00e0 et qui ont permis en fin de compte \u00e0 tout le monde d\u2019avoir une tr\u00e8s bonne sant\u00e9.<\/p>\n<p>Je rappelle aussi que pour la premi\u00e8re fois, on est en train de d\u00e9velopper un vaccin et donc l\u00e0, on est en train de d\u00e9nicher des choses dans le processus, alors que ce processus, on l\u2019a toujours utilis\u00e9 pour avoir des m\u00e9dicaments. C\u2019est le m\u00eame processus de th\u00e9rapie particuli\u00e8re, il est obligatoire de passer par un processus d\u2019autorisation qui est extr\u00eamement s\u00e9v\u00e8re. En effet, aucune firme ne va risquer de proposer un vaccin qui n\u2019est pas tr\u00e8s bon, parce que cela va ruiner tout son business.<\/p>\n<p>En tant que Marocain, j\u2019invite tout le monde \u00e0 se vacciner d\u00e9j\u00e0 pour la grippe saisonni\u00e8re, surtout pour les gens qui sont en situation de pr\u00e9carit\u00e9 sanitaire.<\/p>\n<p>J\u2019estime que tout le monde comprendra que s\u2019il ne fera pas le vaccin pour lui, il le fera pour les autres et j\u2019esp\u00e8re que tous les Marocains vont s\u2019impliquer dans cette campagne.<\/p>\n<p>Auteur: M&rsquo;hammed rahal<br \/>\n<a href=\"http:\/\/albayane.press.ma\/%EF%BB%BFvaccination-anti-covid-19-quelque-10-millions-de-doses-pour-une-premiere-etape.html\">Cliquez ici pour lire l&rsquo;article depuis sa source.<\/a><\/p>\n","protected":false},"excerpt":{"rendered":"<p>Azeddine Ibrahimi, directeur du laboratoire de biotechnologie de Rabat Oumaima Berguig (MAP) Le directeur du laboratoire de biotechnologie de la facult\u00e9 de m\u00e9decine et de pharmacie de Rabat, Azeddine Ibrahimi revient, dans un entretien \u00e0 la MAP, sur le lancement dans les prochaines semaines d\u2019une op\u00e9ration massive de vaccination contre la Covid-19, conform\u00e9ment aux Hautes [&hellip;]<\/p>\n","protected":false},"author":1760,"featured_media":0,"comment_status":"closed","ping_status":"closed","sticky":false,"template":"","format":"standard","meta":{"fifu_image_url":"","fifu_image_alt":"","footnotes":""},"categories":[73,54],"tags":[],"class_list":["post-104373","post","type-post","status-publish","format-standard","hentry","category-actualite","category-maroc"],"_links":{"self":[{"href":"https:\/\/linitiative.ca\/International\/wp-json\/wp\/v2\/posts\/104373","targetHints":{"allow":["GET"]}}],"collection":[{"href":"https:\/\/linitiative.ca\/International\/wp-json\/wp\/v2\/posts"}],"about":[{"href":"https:\/\/linitiative.ca\/International\/wp-json\/wp\/v2\/types\/post"}],"author":[{"embeddable":true,"href":"https:\/\/linitiative.ca\/International\/wp-json\/wp\/v2\/users\/1760"}],"replies":[{"embeddable":true,"href":"https:\/\/linitiative.ca\/International\/wp-json\/wp\/v2\/comments?post=104373"}],"version-history":[{"count":0,"href":"https:\/\/linitiative.ca\/International\/wp-json\/wp\/v2\/posts\/104373\/revisions"}],"wp:attachment":[{"href":"https:\/\/linitiative.ca\/International\/wp-json\/wp\/v2\/media?parent=104373"}],"wp:term":[{"taxonomy":"category","embeddable":true,"href":"https:\/\/linitiative.ca\/International\/wp-json\/wp\/v2\/categories?post=104373"},{"taxonomy":"post_tag","embeddable":true,"href":"https:\/\/linitiative.ca\/International\/wp-json\/wp\/v2\/tags?post=104373"}],"curies":[{"name":"wp","href":"https:\/\/api.w.org\/{rel}","templated":true}]}}