{"id":104374,"date":"2020-11-11T10:29:03","date_gmt":"2020-11-11T15:29:03","guid":{"rendered":"https:\/\/linitiative.ca\/International\/communique-du-bp-du-pps-du-10-novembre-2020\/"},"modified":"2020-11-11T10:29:03","modified_gmt":"2020-11-11T15:29:03","slug":"communique-du-bp-du-pps-du-10-novembre-2020","status":"publish","type":"post","link":"https:\/\/linitiative.ca\/International\/communique-du-bp-du-pps-du-10-novembre-2020\/","title":{"rendered":"Communiqu\u00e9 du BP du PPS du 10 novembre 2020"},"content":{"rendered":"<p class=\"has-text-color has-vivid-red-color c2\"><strong>Int\u00e9grit\u00e9 territoriale: des d\u00e9veloppements positifs gr\u00e2ce \u00e0 la force tranquille de notre pays<\/strong><\/p>\n<p class=\"has-text-color c3\"><strong>Lors<\/strong> <strong>de sa r\u00e9union p\u00e9riodique \u00e0 distance du mardi 10 novembre 2020, le bureau politique a examin\u00e9 les d\u00e9veloppements de la cause de notre int\u00e9grit\u00e9 territoriale. Il s\u2019est f\u00e9licit\u00e9 de la teneur du discours royal \u00e0 l\u2019occasion de l\u2019anniversaire de la Marche Verte, consid\u00e9rant qu\u2019il s\u2019agit d\u2019un discours de la confirmation des constances et de l\u2019orientation vers l\u2019avenir, qui incarne la force<\/strong> <strong>tranquille<\/strong> <strong>de notre pays, convaincu de la justesse de ses positions, sans d\u00e9vier des fondamentaux de son approche<\/strong> <strong>\u00e0 l\u2019\u00e9gard<\/strong> <strong>de ce probl\u00e8me artificiel.<\/strong><\/p>\n<p class=\"has-text-color has-vivid-cyan-blue-color\">Tout en soulignant que l\u2019initiative d\u2019autonomie est l\u2019option unique pour la r\u00e9solution de ce diff\u00e9rend artificiel, le bureau politique enregistre avec satisfaction la derni\u00e8re r\u00e9solution du Conseil de s\u00e9curit\u00e9 fond\u00e9es sur la logique de la solution politique r\u00e9aliste et du compromis, que les parties prenantes, et plus pr\u00e9cis\u00e9ment l\u2019Alg\u00e9rie, doivent adopter \u00e0 travers la n\u00e9cessit\u00e9 d\u2019interagir s\u00e9rieusement avec l\u2019approche cr\u00e9dible propos\u00e9e par le Maroc. Dans ce sens, il exprime sa fiert\u00e9 \u00e0 l\u2019\u00e9gard de l\u2019augmentation du nombre des pays qui soutiennent la position du Maroc et qui ont retir\u00e9 leur reconnaissance de la fantomatique r\u00e9publique. Il se f\u00e9licite aussi de l\u2019approche constructive adopt\u00e9e par l\u2019Union Africaine \u00e0 l\u2019\u00e9gard de ce diff\u00e9rend artificiel, soulignant que ce changement positif est le fruit naturel de la r\u00e9cup\u00e9ration par notre pays de sa place privil\u00e9gi\u00e9e au sein de sa maison africaine.<\/p>\n<p class=\"has-text-color has-vivid-cyan-blue-color\">Dans le m\u00eame ordre d\u2019id\u00e9es, le bureau politique s\u2019est f\u00e9licit\u00e9 de l\u2019orientation de notre pays vers une attitude de fermet\u00e9 vis-\u00e0-vis des provocations et des man\u0153uvres vaines et condamnables des adversaires de notre int\u00e9grit\u00e9 territoriale. Il salue dans le m\u00eame temps le comportement responsable et pond\u00e9r\u00e9 de notre pays, refusant toute r\u00e9action violente vis-\u00e0-vis des d\u00e9passements des adversaires de notre int\u00e9grit\u00e9 territoriale. Il appr\u00e9cie hautement, de surcro\u00eet, l\u2019orientation de notre pays vers davantage de d\u00e9veloppement de nos provinces du sud, \u00e0 travers la volont\u00e9 de mettre en valeur des capacit\u00e9s \u00e9conomiques de leur fa\u00e7ade atlantique, en tant qu\u2019espace de compl\u00e9mentarit\u00e9 \u00e9conomique et de rayonnement continental et international. Ceci devrait b\u00e9n\u00e9ficier \u00e9conomiquement et socialement \u00e0 notre pays en g\u00e9n\u00e9ral et aux citoyennes et citoyens dans le Sud du Royaume en particulier.<\/p>\n<p class=\"has-text-color has-vivid-cyan-blue-color\">Le bureau politique se f\u00e9licite hautement des lueurs d\u2019espoir pour vaincre la pand\u00e9mie\u00a0le bureau politique se f\u00e9licite hautement de la r\u00e9union pr\u00e9sid\u00e9e par Sa Majest\u00e9 le Roi, lundi 9 novembre 2020, autour de la strat\u00e9gie de vaccination contre le Covid-19.<\/p>\n<p class=\"has-text-color has-vivid-cyan-blue-color\">D\u2019un autre c\u00f4t\u00e9, le bureau politique se f\u00e9licite hautement de la r\u00e9union pr\u00e9sid\u00e9e par Sa Majest\u00e9 le Roi, lundi 9 novembre 2020, autour de la strat\u00e9gie de vaccination contre le Covid-19. Il prend note avec fiert\u00e9 des bonnes nouvelles apport\u00e9es par cette importante r\u00e9union et de l\u2019effet positif grandiose de ses d\u00e9cisions, compte tenu de l\u2019espoir et de la qui\u00e9tude qu\u2019elles ont sem\u00e9s dans les esprits de l\u2019ensemble du peuple marocain et compte tenu \u00e9galement des larges perspectives qu\u2019elle a ouvertes devant la possibilit\u00e9 pour notre pays de vaincre la pand\u00e9mie et pour retourner normal de l\u2019existence dans toutes ses manifestations.<\/p>\n<p class=\"has-text-color has-vivid-red-color c2\"><strong>N\u00e9cessit\u00e9 de continuer d\u2019\u00eatre prudent et d\u2019accroitre les capacit\u00e9s de notre syst\u00e8me sanitaire<\/strong><\/p>\n<p class=\"has-text-color has-vivid-cyan-blue-color\">Dans ce cadre, le bureau politique appelle \u00e0 davantage de prudence et d\u2019observation des conditions sanitaires pour stopper la propagation rapide de la pand\u00e9mie. Il salue chaleureusement les femmes et les hommes de la sant\u00e9 pour leurs sacrifices \u00e9normes et appelle le gouvernement \u00e0 soutenir davantage les capacit\u00e9s de la sant\u00e9 publique pour pouvoir prendre en charge tous les malades. Il appelle de m\u00eame \u00e0 d\u00e9ployer davantage d\u2019efforts pour augmenter le nombre des d\u00e9pistages des cas de contaminations au Covid-19 dans les diff\u00e9rents r\u00e9gions de notre pays.<\/p>\n<p class=\"has-text-color has-vivid-red-color c2\"><strong>Condamnation de l\u2019exploitation abusive par certaines cliniques priv\u00e9es des malades et des malheurs des gens<\/strong><\/p>\n<p class=\"has-text-color has-vivid-cyan-blue-color\">Tout en enregistrant la transformation totale ou partielle d\u2019un certain nombre d\u2019\u00e9tablissements de sant\u00e9 priv\u00e9s en des espaces de prise en charge des malades atteints du Covid-19, le bureau politique demande au minist\u00e8re de la Sant\u00e9 d\u2019assumer ses responsabilit\u00e9s enti\u00e8res en mati\u00e8re de supervision, \u00a0d\u2019encadrement et de contr\u00f4le obligatoires \u00e0 ce sujet. Des pratiques inadmissibles ont \u00e9t\u00e9 en effet enregistr\u00e9es de la part de certaines cliniques priv\u00e9es qui s\u2019adonnent \u00e0 une exploitation lucrative abusive et outranci\u00e8re des malheurs des gens et des malades atteints du coronavirus et de leurs familles.<\/p>\n<p class=\"has-text-color has-vivid-red-color c2\"><strong>Un gouvernement qui rate son rendez-vous avec le moment historique devant la situation \u00e9conomique et sociale difficile<\/strong><\/p>\n<p class=\"has-text-color has-vivid-cyan-blue-color\">Par ailleurs, le bureau politique a examin\u00e9 la situation \u00e9conomique et sociale difficile dans notre pays et les d\u00e9fis qui nous attendent sur tous les plans. Il a exprim\u00e9 de nouveau sa d\u00e9ception, \u00e0 l\u2019instar des diff\u00e9rents milieux de la soci\u00e9t\u00e9, \u00e0 l\u2019\u00e9gard de l\u2019incapacit\u00e9 manifeste du gouvernement \u00e0 apporter les r\u00e9ponses attendues \u00e0 cette situation.<\/p>\n<p class=\"has-text-color has-vivid-cyan-blue-color\">Tout en approuvant les grandes orientations du Projet de Loi de Finances 2021, le Parti du Progr\u00e8s et du Socialisme consid\u00e8re par contre que les dispositions qu\u2019il contient ne traduisent pas ces orientations et ne correspondent pas au volume des attentes. Le gouvernement devait \u00e9laborer une vision claire et contractuelle et pr\u00e9senter un plan pr\u00e9cis et concis en ce qui concerne les objectifs et les moyens, le financement, les \u00e9ch\u00e9ances et les secteurs. Mais il a rat\u00e9 encore une fois le rendez-vous avec ce moment historique pr\u00e9cis et a manqu\u00e9 d\u2019initiative et d\u2019audace politiques. Il persiste \u00e0 ignorer le dialogue, entre-autre, avec les partenaires sociaux et politiques au sujet des questions principales, \u00e0 l\u2019instar de la finalisation des moyens de g\u00e9n\u00e9ralisation de la couverture sociale et d\u2019identification des moyens de sa mise en \u0153uvre.<\/p>\n<p class=\"has-text-color has-vivid-cyan-blue-color\">Dans ce cadre, le bureau politique a rendu hommage aux parlementaires du parti pour les amendements importants qu\u2019ils pr\u00e9sentent et d\u00e9fendent dans un engagement militant au cours de la phase de discussion du dit PLF et ce dans la perspective de r\u00e9duire les insuffisances de l\u2019offre gouvernementale.<\/p>\n<p class=\"has-text-color has-vivid-red-color c2\"><strong>Vie interne du parti\u00a0: appel aux structures pour poursuivre leur dynamique et diversifier les modalit\u00e9s d\u2019organisation de leurs r\u00e9unions<\/strong><\/p>\n<p class=\"has-text-color has-vivid-cyan-blue-color\">A l\u2019issue de l\u2019\u00e9valuation de la situation g\u00e9n\u00e9rale dans les diff\u00e9rentes structures du parti, le bureau politique a approuv\u00e9 un certain nombre de mesures pour interagir comme il se doit avec les \u00e9ch\u00e9ances politiques actuelles et \u00e0 venir. A ce propos, il appelle l\u2019ensemble de ces structures \u00e0 poursuivre les r\u00e9unions, les rencontres et les conf\u00e9rences, tout en s\u2019ouvrant fortement sur les diff\u00e9rentes capacit\u00e9s d\u00e9sireuses de rejoindre les rangs du parti et en adaptant les modalit\u00e9s \u00a0d\u2019organisation de ces manifestations avec les conditions sanitaires actuelles (\u00e0 distance, semi-pr\u00e9sentiel, repr\u00e9sentatif, utilisation des moyens de communication moderne\u2026). Le but recherch\u00e9 est d\u2019\u00e9lever le degr\u00e9 de mobilisation, de pr\u00e9server le capital de rayonnement, de cr\u00e9er les conditions de succ\u00e8s du parti dans les diff\u00e9rents d\u00e9fis qu\u2019il doit relever \u00e0 l\u2019avenir et de transformer son rayonnement en pr\u00e9sence \u00e9lectorale et institutionnelle de poids.<\/p>\n<p>Auteur: M&rsquo;hammed rahal<br \/>\n<a href=\"http:\/\/albayane.press.ma\/communique-du-bp-du-pps-du-10-novembre-2020.html\">Cliquez ici pour lire l&rsquo;article depuis sa source.<\/a><\/p>\n","protected":false},"excerpt":{"rendered":"<p>Int\u00e9grit\u00e9 territoriale: des d\u00e9veloppements positifs gr\u00e2ce \u00e0 la force tranquille de notre pays Lors de sa r\u00e9union p\u00e9riodique \u00e0 distance du mardi 10 novembre 2020, le bureau politique a examin\u00e9 les d\u00e9veloppements de la cause de notre int\u00e9grit\u00e9 territoriale. Il s\u2019est f\u00e9licit\u00e9 de la teneur du discours royal \u00e0 l\u2019occasion de l\u2019anniversaire de la Marche [&hellip;]<\/p>\n","protected":false},"author":1760,"featured_media":0,"comment_status":"closed","ping_status":"closed","sticky":false,"template":"","format":"standard","meta":{"fifu_image_url":"","fifu_image_alt":"","footnotes":""},"categories":[73,54],"tags":[],"class_list":["post-104374","post","type-post","status-publish","format-standard","hentry","category-actualite","category-maroc"],"_links":{"self":[{"href":"https:\/\/linitiative.ca\/International\/wp-json\/wp\/v2\/posts\/104374","targetHints":{"allow":["GET"]}}],"collection":[{"href":"https:\/\/linitiative.ca\/International\/wp-json\/wp\/v2\/posts"}],"about":[{"href":"https:\/\/linitiative.ca\/International\/wp-json\/wp\/v2\/types\/post"}],"author":[{"embeddable":true,"href":"https:\/\/linitiative.ca\/International\/wp-json\/wp\/v2\/users\/1760"}],"replies":[{"embeddable":true,"href":"https:\/\/linitiative.ca\/International\/wp-json\/wp\/v2\/comments?post=104374"}],"version-history":[{"count":0,"href":"https:\/\/linitiative.ca\/International\/wp-json\/wp\/v2\/posts\/104374\/revisions"}],"wp:attachment":[{"href":"https:\/\/linitiative.ca\/International\/wp-json\/wp\/v2\/media?parent=104374"}],"wp:term":[{"taxonomy":"category","embeddable":true,"href":"https:\/\/linitiative.ca\/International\/wp-json\/wp\/v2\/categories?post=104374"},{"taxonomy":"post_tag","embeddable":true,"href":"https:\/\/linitiative.ca\/International\/wp-json\/wp\/v2\/tags?post=104374"}],"curies":[{"name":"wp","href":"https:\/\/api.w.org\/{rel}","templated":true}]}}